{"id":1552,"date":"2024-11-06T10:30:16","date_gmt":"2024-11-06T09:30:16","guid":{"rendered":"https:\/\/cooperation.gouv.cd\/dev\/?p=1552"},"modified":"2024-11-27T11:53:40","modified_gmt":"2024-11-27T10:53:40","slug":"participation-de-madame-la-ministre-deleguee-aux-etats-generaux-de-la-justice-en-rdc","status":"publish","type":"post","link":"https:\/\/cooperation.gouv.cd\/dev\/2024\/11\/06\/participation-de-madame-la-ministre-deleguee-aux-etats-generaux-de-la-justice-en-rdc\/","title":{"rendered":"Participation de Madame la Ministre D\u00e9l\u00e9gu\u00e9e aux \u00c9tats G\u00e9n\u00e9raux de la Justice en RDC"},"content":{"rendered":"\n<p>Le mercredi 6 novembre, la R\u00e9publique D\u00e9mocratique du Congo a lanc\u00e9 les \u00c9tats g\u00e9n\u00e9raux de la justice, un \u00e9v\u00e9nement marquant sous le th\u00e8me : \u00ab Pourquoi la justice congolaise est-elle malade ? Quelle th\u00e9rapie pour la gu\u00e9rir ? \u00bb.<\/p>\n\n\n\n<figure class=\"wp-block-image size-large\"><img fetchpriority=\"high\" decoding=\"async\" width=\"1024\" height=\"722\" src=\"https:\/\/cooperation.gouv.cd\/dev\/wp-content\/uploads\/2024\/11\/WhatsApp-Image-2024-11-08-at-10.49.52-1024x722.jpeg\" alt=\"\" class=\"wp-image-1557\" srcset=\"https:\/\/cooperation.gouv.cd\/dev\/wp-content\/uploads\/2024\/11\/WhatsApp-Image-2024-11-08-at-10.49.52-1024x722.jpeg 1024w, https:\/\/cooperation.gouv.cd\/dev\/wp-content\/uploads\/2024\/11\/WhatsApp-Image-2024-11-08-at-10.49.52-300x211.jpeg 300w, https:\/\/cooperation.gouv.cd\/dev\/wp-content\/uploads\/2024\/11\/WhatsApp-Image-2024-11-08-at-10.49.52-768x541.jpeg 768w, https:\/\/cooperation.gouv.cd\/dev\/wp-content\/uploads\/2024\/11\/WhatsApp-Image-2024-11-08-at-10.49.52-1536x1082.jpeg 1536w, https:\/\/cooperation.gouv.cd\/dev\/wp-content\/uploads\/2024\/11\/WhatsApp-Image-2024-11-08-at-10.49.52-2048x1443.jpeg 2048w\" sizes=\"(max-width: 1024px) 100vw, 1024px\" \/><\/figure>\n\n\n\n<p>Parmi les dignitaires ayant marqu\u00e9 leur pr\u00e9sence en ces lieux, nous comptons la Ministre d\u00e9l\u00e9gu\u00e9e en charge de la coop\u00e9ration internationale et de la francophonie, SE Bestine Kazadi.<\/p>\n\n\n\n<figure class=\"wp-block-gallery has-nested-images columns-default is-cropped wp-block-gallery-1 is-layout-flex wp-block-gallery-is-layout-flex\">\n<figure class=\"wp-block-image size-large\"><img decoding=\"async\" width=\"1024\" height=\"683\" data-id=\"1558\" src=\"https:\/\/cooperation.gouv.cd\/dev\/wp-content\/uploads\/2024\/11\/WhatsApp-Image-2024-11-08-at-10.49.51-1024x683.jpeg\" alt=\"\" class=\"wp-image-1558\" srcset=\"https:\/\/cooperation.gouv.cd\/dev\/wp-content\/uploads\/2024\/11\/WhatsApp-Image-2024-11-08-at-10.49.51-1024x683.jpeg 1024w, https:\/\/cooperation.gouv.cd\/dev\/wp-content\/uploads\/2024\/11\/WhatsApp-Image-2024-11-08-at-10.49.51-300x200.jpeg 300w, https:\/\/cooperation.gouv.cd\/dev\/wp-content\/uploads\/2024\/11\/WhatsApp-Image-2024-11-08-at-10.49.51-768x512.jpeg 768w, https:\/\/cooperation.gouv.cd\/dev\/wp-content\/uploads\/2024\/11\/WhatsApp-Image-2024-11-08-at-10.49.51-1536x1025.jpeg 1536w, https:\/\/cooperation.gouv.cd\/dev\/wp-content\/uploads\/2024\/11\/WhatsApp-Image-2024-11-08-at-10.49.51-2048x1366.jpeg 2048w\" sizes=\"(max-width: 1024px) 100vw, 1024px\" \/><\/figure>\n\n\n\n<figure class=\"wp-block-image size-large\"><img decoding=\"async\" width=\"1024\" height=\"683\" data-id=\"1559\" src=\"https:\/\/cooperation.gouv.cd\/dev\/wp-content\/uploads\/2024\/11\/WhatsApp-Image-2024-11-08-at-10.14.38-2-1-1024x683.jpeg\" alt=\"\" class=\"wp-image-1559\" srcset=\"https:\/\/cooperation.gouv.cd\/dev\/wp-content\/uploads\/2024\/11\/WhatsApp-Image-2024-11-08-at-10.14.38-2-1-1024x683.jpeg 1024w, https:\/\/cooperation.gouv.cd\/dev\/wp-content\/uploads\/2024\/11\/WhatsApp-Image-2024-11-08-at-10.14.38-2-1-300x200.jpeg 300w, https:\/\/cooperation.gouv.cd\/dev\/wp-content\/uploads\/2024\/11\/WhatsApp-Image-2024-11-08-at-10.14.38-2-1-768x512.jpeg 768w, https:\/\/cooperation.gouv.cd\/dev\/wp-content\/uploads\/2024\/11\/WhatsApp-Image-2024-11-08-at-10.14.38-2-1-1536x1025.jpeg 1536w, https:\/\/cooperation.gouv.cd\/dev\/wp-content\/uploads\/2024\/11\/WhatsApp-Image-2024-11-08-at-10.14.38-2-1-2048x1366.jpeg 2048w\" sizes=\"(max-width: 1024px) 100vw, 1024px\" \/><\/figure>\n<\/figure>\n\n\n\n<p>Le pr\u00e9sident de la R\u00e9publique, lors de son allocution, a averti que tout manquement des magistrats aux valeurs fondamentales de la justice sera d\u00e9sormais sanctionn\u00e9. Il a \u00e9galement soulign\u00e9 que ces assises repr\u00e9sentent une nouvelle \u00e9tape dans la r\u00e9forme de l&rsquo;appareil judiciaire congolais. \u00c0 l&rsquo;issue des travaux, un comit\u00e9 de suivi et d&rsquo;\u00e9valuation des recommandations formul\u00e9es sera mis en place.<\/p>\n\n\n\n<p>Ces \u00c9tats g\u00e9n\u00e9raux interviennent neuf ans apr\u00e8s ceux de 2015 et sont pr\u00e9c\u00e9d\u00e9s d&rsquo;une phase de consultations populaires, visant \u00e0 recueillir les avis et pr\u00e9occupations des citoyens congolais sur le fonctionnement actuel de la justice.<\/p>\n\n\n\n<p><\/p>\n\n\n\n<figure class=\"wp-block-gallery has-nested-images columns-default is-cropped wp-block-gallery-2 is-layout-flex wp-block-gallery-is-layout-flex\">\n<figure class=\"wp-block-image size-large\"><img loading=\"lazy\" decoding=\"async\" width=\"1024\" height=\"683\" data-id=\"1555\" src=\"https:\/\/cooperation.gouv.cd\/dev\/wp-content\/uploads\/2024\/11\/WhatsApp-Image-2024-11-08-at-10.14.38-1-1024x683.jpeg\" alt=\"\" class=\"wp-image-1555\" srcset=\"https:\/\/cooperation.gouv.cd\/dev\/wp-content\/uploads\/2024\/11\/WhatsApp-Image-2024-11-08-at-10.14.38-1-1024x683.jpeg 1024w, https:\/\/cooperation.gouv.cd\/dev\/wp-content\/uploads\/2024\/11\/WhatsApp-Image-2024-11-08-at-10.14.38-1-300x200.jpeg 300w, https:\/\/cooperation.gouv.cd\/dev\/wp-content\/uploads\/2024\/11\/WhatsApp-Image-2024-11-08-at-10.14.38-1-768x512.jpeg 768w, https:\/\/cooperation.gouv.cd\/dev\/wp-content\/uploads\/2024\/11\/WhatsApp-Image-2024-11-08-at-10.14.38-1-1536x1025.jpeg 1536w, https:\/\/cooperation.gouv.cd\/dev\/wp-content\/uploads\/2024\/11\/WhatsApp-Image-2024-11-08-at-10.14.38-1-2048x1366.jpeg 2048w\" sizes=\"(max-width: 1024px) 100vw, 1024px\" \/><\/figure>\n\n\n\n<figure class=\"wp-block-image size-large\"><img loading=\"lazy\" decoding=\"async\" width=\"1024\" height=\"683\" data-id=\"1553\" src=\"https:\/\/cooperation.gouv.cd\/dev\/wp-content\/uploads\/2024\/11\/WhatsApp-Image-2024-11-08-at-10.14.38-2-1024x683.jpeg\" alt=\"\" class=\"wp-image-1553\" srcset=\"https:\/\/cooperation.gouv.cd\/dev\/wp-content\/uploads\/2024\/11\/WhatsApp-Image-2024-11-08-at-10.14.38-2-1024x683.jpeg 1024w, https:\/\/cooperation.gouv.cd\/dev\/wp-content\/uploads\/2024\/11\/WhatsApp-Image-2024-11-08-at-10.14.38-2-300x200.jpeg 300w, https:\/\/cooperation.gouv.cd\/dev\/wp-content\/uploads\/2024\/11\/WhatsApp-Image-2024-11-08-at-10.14.38-2-768x512.jpeg 768w, https:\/\/cooperation.gouv.cd\/dev\/wp-content\/uploads\/2024\/11\/WhatsApp-Image-2024-11-08-at-10.14.38-2-1536x1025.jpeg 1536w, https:\/\/cooperation.gouv.cd\/dev\/wp-content\/uploads\/2024\/11\/WhatsApp-Image-2024-11-08-at-10.14.38-2-2048x1366.jpeg 2048w\" sizes=\"(max-width: 1024px) 100vw, 1024px\" \/><\/figure>\n\n\n\n<figure class=\"wp-block-image size-large\"><img loading=\"lazy\" decoding=\"async\" width=\"1024\" height=\"683\" data-id=\"1554\" src=\"https:\/\/cooperation.gouv.cd\/dev\/wp-content\/uploads\/2024\/11\/WhatsApp-Image-2024-11-08-at-10.14.39-1024x683.jpeg\" alt=\"\" class=\"wp-image-1554\" srcset=\"https:\/\/cooperation.gouv.cd\/dev\/wp-content\/uploads\/2024\/11\/WhatsApp-Image-2024-11-08-at-10.14.39-1024x683.jpeg 1024w, https:\/\/cooperation.gouv.cd\/dev\/wp-content\/uploads\/2024\/11\/WhatsApp-Image-2024-11-08-at-10.14.39-300x200.jpeg 300w, https:\/\/cooperation.gouv.cd\/dev\/wp-content\/uploads\/2024\/11\/WhatsApp-Image-2024-11-08-at-10.14.39-768x512.jpeg 768w, https:\/\/cooperation.gouv.cd\/dev\/wp-content\/uploads\/2024\/11\/WhatsApp-Image-2024-11-08-at-10.14.39-1536x1025.jpeg 1536w, https:\/\/cooperation.gouv.cd\/dev\/wp-content\/uploads\/2024\/11\/WhatsApp-Image-2024-11-08-at-10.14.39-2048x1366.jpeg 2048w\" sizes=\"(max-width: 1024px) 100vw, 1024px\" \/><\/figure>\n\n\n\n<figure class=\"wp-block-image size-large\"><img loading=\"lazy\" decoding=\"async\" width=\"1024\" height=\"683\" data-id=\"1556\" src=\"https:\/\/cooperation.gouv.cd\/dev\/wp-content\/uploads\/2024\/11\/WhatsApp-Image-2024-11-08-at-10.14.40-1024x683.jpeg\" alt=\"\" class=\"wp-image-1556\" srcset=\"https:\/\/cooperation.gouv.cd\/dev\/wp-content\/uploads\/2024\/11\/WhatsApp-Image-2024-11-08-at-10.14.40-1024x683.jpeg 1024w, https:\/\/cooperation.gouv.cd\/dev\/wp-content\/uploads\/2024\/11\/WhatsApp-Image-2024-11-08-at-10.14.40-300x200.jpeg 300w, https:\/\/cooperation.gouv.cd\/dev\/wp-content\/uploads\/2024\/11\/WhatsApp-Image-2024-11-08-at-10.14.40-768x512.jpeg 768w, https:\/\/cooperation.gouv.cd\/dev\/wp-content\/uploads\/2024\/11\/WhatsApp-Image-2024-11-08-at-10.14.40-1536x1025.jpeg 1536w, https:\/\/cooperation.gouv.cd\/dev\/wp-content\/uploads\/2024\/11\/WhatsApp-Image-2024-11-08-at-10.14.40-2048x1366.jpeg 2048w\" sizes=\"(max-width: 1024px) 100vw, 1024px\" \/><\/figure>\n\n\n\n<figure class=\"wp-block-image size-large\"><img loading=\"lazy\" decoding=\"async\" width=\"1024\" height=\"722\" data-id=\"1565\" src=\"https:\/\/cooperation.gouv.cd\/dev\/wp-content\/uploads\/2024\/11\/WhatsApp-Image-2024-11-08-at-10.49.52-1-1024x722.jpeg\" alt=\"\" class=\"wp-image-1565\" srcset=\"https:\/\/cooperation.gouv.cd\/dev\/wp-content\/uploads\/2024\/11\/WhatsApp-Image-2024-11-08-at-10.49.52-1-1024x722.jpeg 1024w, https:\/\/cooperation.gouv.cd\/dev\/wp-content\/uploads\/2024\/11\/WhatsApp-Image-2024-11-08-at-10.49.52-1-300x211.jpeg 300w, https:\/\/cooperation.gouv.cd\/dev\/wp-content\/uploads\/2024\/11\/WhatsApp-Image-2024-11-08-at-10.49.52-1-768x541.jpeg 768w, https:\/\/cooperation.gouv.cd\/dev\/wp-content\/uploads\/2024\/11\/WhatsApp-Image-2024-11-08-at-10.49.52-1-1536x1082.jpeg 1536w, https:\/\/cooperation.gouv.cd\/dev\/wp-content\/uploads\/2024\/11\/WhatsApp-Image-2024-11-08-at-10.49.52-1-2048x1443.jpeg 2048w\" sizes=\"(max-width: 1024px) 100vw, 1024px\" \/><\/figure>\n\n\n\n<figure class=\"wp-block-image size-large\"><img loading=\"lazy\" decoding=\"async\" width=\"1024\" height=\"683\" data-id=\"1560\" src=\"https:\/\/cooperation.gouv.cd\/dev\/wp-content\/uploads\/2024\/11\/WhatsApp-Image-2024-11-08-at-10.49.53-1-1024x683.jpeg\" alt=\"\" class=\"wp-image-1560\" srcset=\"https:\/\/cooperation.gouv.cd\/dev\/wp-content\/uploads\/2024\/11\/WhatsApp-Image-2024-11-08-at-10.49.53-1-1024x683.jpeg 1024w, https:\/\/cooperation.gouv.cd\/dev\/wp-content\/uploads\/2024\/11\/WhatsApp-Image-2024-11-08-at-10.49.53-1-300x200.jpeg 300w, https:\/\/cooperation.gouv.cd\/dev\/wp-content\/uploads\/2024\/11\/WhatsApp-Image-2024-11-08-at-10.49.53-1-768x512.jpeg 768w, https:\/\/cooperation.gouv.cd\/dev\/wp-content\/uploads\/2024\/11\/WhatsApp-Image-2024-11-08-at-10.49.53-1-1536x1025.jpeg 1536w, https:\/\/cooperation.gouv.cd\/dev\/wp-content\/uploads\/2024\/11\/WhatsApp-Image-2024-11-08-at-10.49.53-1-2048x1366.jpeg 2048w\" sizes=\"(max-width: 1024px) 100vw, 1024px\" \/><\/figure>\n\n\n\n<figure class=\"wp-block-image size-large\"><img loading=\"lazy\" decoding=\"async\" width=\"1024\" height=\"683\" data-id=\"1564\" src=\"https:\/\/cooperation.gouv.cd\/dev\/wp-content\/uploads\/2024\/11\/WhatsApp-Image-2024-11-08-at-10.49.53-1024x683.jpeg\" alt=\"\" class=\"wp-image-1564\" srcset=\"https:\/\/cooperation.gouv.cd\/dev\/wp-content\/uploads\/2024\/11\/WhatsApp-Image-2024-11-08-at-10.49.53-1024x683.jpeg 1024w, https:\/\/cooperation.gouv.cd\/dev\/wp-content\/uploads\/2024\/11\/WhatsApp-Image-2024-11-08-at-10.49.53-300x200.jpeg 300w, https:\/\/cooperation.gouv.cd\/dev\/wp-content\/uploads\/2024\/11\/WhatsApp-Image-2024-11-08-at-10.49.53-768x512.jpeg 768w, https:\/\/cooperation.gouv.cd\/dev\/wp-content\/uploads\/2024\/11\/WhatsApp-Image-2024-11-08-at-10.49.53-1536x1025.jpeg 1536w, https:\/\/cooperation.gouv.cd\/dev\/wp-content\/uploads\/2024\/11\/WhatsApp-Image-2024-11-08-at-10.49.53-2048x1366.jpeg 2048w\" sizes=\"(max-width: 1024px) 100vw, 1024px\" \/><\/figure>\n\n\n\n<figure class=\"wp-block-image size-large\"><img loading=\"lazy\" decoding=\"async\" width=\"1024\" height=\"683\" data-id=\"1562\" src=\"https:\/\/cooperation.gouv.cd\/dev\/wp-content\/uploads\/2024\/11\/WhatsApp-Image-2024-11-08-at-10.49.54-1-1024x683.jpeg\" alt=\"\" class=\"wp-image-1562\" srcset=\"https:\/\/cooperation.gouv.cd\/dev\/wp-content\/uploads\/2024\/11\/WhatsApp-Image-2024-11-08-at-10.49.54-1-1024x683.jpeg 1024w, https:\/\/cooperation.gouv.cd\/dev\/wp-content\/uploads\/2024\/11\/WhatsApp-Image-2024-11-08-at-10.49.54-1-300x200.jpeg 300w, https:\/\/cooperation.gouv.cd\/dev\/wp-content\/uploads\/2024\/11\/WhatsApp-Image-2024-11-08-at-10.49.54-1-768x512.jpeg 768w, https:\/\/cooperation.gouv.cd\/dev\/wp-content\/uploads\/2024\/11\/WhatsApp-Image-2024-11-08-at-10.49.54-1-1536x1025.jpeg 1536w, https:\/\/cooperation.gouv.cd\/dev\/wp-content\/uploads\/2024\/11\/WhatsApp-Image-2024-11-08-at-10.49.54-1-2048x1366.jpeg 2048w\" sizes=\"(max-width: 1024px) 100vw, 1024px\" \/><\/figure>\n\n\n\n<figure class=\"wp-block-image size-large\"><img loading=\"lazy\" decoding=\"async\" width=\"704\" height=\"1024\" data-id=\"1563\" src=\"https:\/\/cooperation.gouv.cd\/dev\/wp-content\/uploads\/2024\/11\/WhatsApp-Image-2024-11-08-at-10.49.54-2-704x1024.jpeg\" alt=\"\" class=\"wp-image-1563\" srcset=\"https:\/\/cooperation.gouv.cd\/dev\/wp-content\/uploads\/2024\/11\/WhatsApp-Image-2024-11-08-at-10.49.54-2-704x1024.jpeg 704w, https:\/\/cooperation.gouv.cd\/dev\/wp-content\/uploads\/2024\/11\/WhatsApp-Image-2024-11-08-at-10.49.54-2-206x300.jpeg 206w, https:\/\/cooperation.gouv.cd\/dev\/wp-content\/uploads\/2024\/11\/WhatsApp-Image-2024-11-08-at-10.49.54-2-768x1117.jpeg 768w, https:\/\/cooperation.gouv.cd\/dev\/wp-content\/uploads\/2024\/11\/WhatsApp-Image-2024-11-08-at-10.49.54-2-1056x1536.jpeg 1056w, https:\/\/cooperation.gouv.cd\/dev\/wp-content\/uploads\/2024\/11\/WhatsApp-Image-2024-11-08-at-10.49.54-2-1408x2048.jpeg 1408w, https:\/\/cooperation.gouv.cd\/dev\/wp-content\/uploads\/2024\/11\/WhatsApp-Image-2024-11-08-at-10.49.54-2.jpeg 1760w\" sizes=\"(max-width: 704px) 100vw, 704px\" \/><\/figure>\n\n\n\n<figure class=\"wp-block-image size-large\"><img loading=\"lazy\" decoding=\"async\" width=\"1024\" height=\"683\" data-id=\"1561\" src=\"https:\/\/cooperation.gouv.cd\/dev\/wp-content\/uploads\/2024\/11\/WhatsApp-Image-2024-11-08-at-10.49.54-1024x683.jpeg\" alt=\"\" class=\"wp-image-1561\" srcset=\"https:\/\/cooperation.gouv.cd\/dev\/wp-content\/uploads\/2024\/11\/WhatsApp-Image-2024-11-08-at-10.49.54-1024x683.jpeg 1024w, https:\/\/cooperation.gouv.cd\/dev\/wp-content\/uploads\/2024\/11\/WhatsApp-Image-2024-11-08-at-10.49.54-300x200.jpeg 300w, https:\/\/cooperation.gouv.cd\/dev\/wp-content\/uploads\/2024\/11\/WhatsApp-Image-2024-11-08-at-10.49.54-768x512.jpeg 768w, https:\/\/cooperation.gouv.cd\/dev\/wp-content\/uploads\/2024\/11\/WhatsApp-Image-2024-11-08-at-10.49.54-1536x1025.jpeg 1536w, https:\/\/cooperation.gouv.cd\/dev\/wp-content\/uploads\/2024\/11\/WhatsApp-Image-2024-11-08-at-10.49.54-2048x1366.jpeg 2048w\" sizes=\"(max-width: 1024px) 100vw, 1024px\" \/><\/figure>\n\n\n\n<figure class=\"wp-block-image size-large\"><img loading=\"lazy\" decoding=\"async\" width=\"1024\" height=\"683\" data-id=\"1566\" src=\"https:\/\/cooperation.gouv.cd\/dev\/wp-content\/uploads\/2024\/11\/WhatsApp-Image-2024-11-08-at-10.49.55-1-1024x683.jpeg\" alt=\"\" class=\"wp-image-1566\" srcset=\"https:\/\/cooperation.gouv.cd\/dev\/wp-content\/uploads\/2024\/11\/WhatsApp-Image-2024-11-08-at-10.49.55-1-1024x683.jpeg 1024w, https:\/\/cooperation.gouv.cd\/dev\/wp-content\/uploads\/2024\/11\/WhatsApp-Image-2024-11-08-at-10.49.55-1-300x200.jpeg 300w, https:\/\/cooperation.gouv.cd\/dev\/wp-content\/uploads\/2024\/11\/WhatsApp-Image-2024-11-08-at-10.49.55-1-768x512.jpeg 768w, https:\/\/cooperation.gouv.cd\/dev\/wp-content\/uploads\/2024\/11\/WhatsApp-Image-2024-11-08-at-10.49.55-1-1536x1025.jpeg 1536w, https:\/\/cooperation.gouv.cd\/dev\/wp-content\/uploads\/2024\/11\/WhatsApp-Image-2024-11-08-at-10.49.55-1-2048x1366.jpeg 2048w\" sizes=\"(max-width: 1024px) 100vw, 1024px\" \/><\/figure>\n\n\n\n<figure class=\"wp-block-image size-large\"><img loading=\"lazy\" decoding=\"async\" width=\"1024\" height=\"682\" data-id=\"1567\" src=\"https:\/\/cooperation.gouv.cd\/dev\/wp-content\/uploads\/2024\/11\/WhatsApp-Image-2024-11-08-at-10.49.56-1024x682.jpeg\" alt=\"\" class=\"wp-image-1567\" srcset=\"https:\/\/cooperation.gouv.cd\/dev\/wp-content\/uploads\/2024\/11\/WhatsApp-Image-2024-11-08-at-10.49.56-1024x682.jpeg 1024w, https:\/\/cooperation.gouv.cd\/dev\/wp-content\/uploads\/2024\/11\/WhatsApp-Image-2024-11-08-at-10.49.56-300x200.jpeg 300w, https:\/\/cooperation.gouv.cd\/dev\/wp-content\/uploads\/2024\/11\/WhatsApp-Image-2024-11-08-at-10.49.56-768x511.jpeg 768w, https:\/\/cooperation.gouv.cd\/dev\/wp-content\/uploads\/2024\/11\/WhatsApp-Image-2024-11-08-at-10.49.56.jpeg 1280w\" sizes=\"(max-width: 1024px) 100vw, 1024px\" \/><\/figure>\n\n\n\n<figure class=\"wp-block-image size-large\"><img loading=\"lazy\" decoding=\"async\" width=\"1024\" height=\"683\" data-id=\"1568\" src=\"https:\/\/cooperation.gouv.cd\/dev\/wp-content\/uploads\/2024\/11\/WhatsApp-Image-2024-11-08-at-10.49.57-1024x683.jpeg\" alt=\"\" class=\"wp-image-1568\" srcset=\"https:\/\/cooperation.gouv.cd\/dev\/wp-content\/uploads\/2024\/11\/WhatsApp-Image-2024-11-08-at-10.49.57-1024x683.jpeg 1024w, https:\/\/cooperation.gouv.cd\/dev\/wp-content\/uploads\/2024\/11\/WhatsApp-Image-2024-11-08-at-10.49.57-300x200.jpeg 300w, https:\/\/cooperation.gouv.cd\/dev\/wp-content\/uploads\/2024\/11\/WhatsApp-Image-2024-11-08-at-10.49.57-768x512.jpeg 768w, https:\/\/cooperation.gouv.cd\/dev\/wp-content\/uploads\/2024\/11\/WhatsApp-Image-2024-11-08-at-10.49.57-1536x1025.jpeg 1536w, https:\/\/cooperation.gouv.cd\/dev\/wp-content\/uploads\/2024\/11\/WhatsApp-Image-2024-11-08-at-10.49.57-2048x1366.jpeg 2048w\" sizes=\"(max-width: 1024px) 100vw, 1024px\" \/><\/figure>\n\n\n\n<figure class=\"wp-block-image size-large\"><img loading=\"lazy\" decoding=\"async\" width=\"1024\" height=\"683\" data-id=\"1569\" src=\"https:\/\/cooperation.gouv.cd\/dev\/wp-content\/uploads\/2024\/11\/WhatsApp-Image-2024-11-08-at-10.49.59-1024x683.jpeg\" alt=\"\" class=\"wp-image-1569\" srcset=\"https:\/\/cooperation.gouv.cd\/dev\/wp-content\/uploads\/2024\/11\/WhatsApp-Image-2024-11-08-at-10.49.59-1024x683.jpeg 1024w, https:\/\/cooperation.gouv.cd\/dev\/wp-content\/uploads\/2024\/11\/WhatsApp-Image-2024-11-08-at-10.49.59-300x200.jpeg 300w, https:\/\/cooperation.gouv.cd\/dev\/wp-content\/uploads\/2024\/11\/WhatsApp-Image-2024-11-08-at-10.49.59-768x512.jpeg 768w, https:\/\/cooperation.gouv.cd\/dev\/wp-content\/uploads\/2024\/11\/WhatsApp-Image-2024-11-08-at-10.49.59-1536x1025.jpeg 1536w, https:\/\/cooperation.gouv.cd\/dev\/wp-content\/uploads\/2024\/11\/WhatsApp-Image-2024-11-08-at-10.49.59-2048x1366.jpeg 2048w\" sizes=\"(max-width: 1024px) 100vw, 1024px\" \/><\/figure>\n<\/figure>\n\n\n\n<p><\/p>\n","protected":false},"excerpt":{"rendered":"<p>Le mercredi 6 novembre, la R\u00e9publique D\u00e9mocratique du Congo a lanc\u00e9 les \u00c9tats g\u00e9n\u00e9raux de la justice, un \u00e9v\u00e9nement marquant sous le th\u00e8me : \u00ab Pourquoi la justice congolaise est-elle malade ? Quelle th\u00e9rapie pour la gu\u00e9rir ? \u00bb. Parmi les dignitaires ayant marqu\u00e9 leur pr\u00e9sence en ces lieux, nous comptons la Ministre d\u00e9l\u00e9gu\u00e9e en [&hellip;]<\/p>\n","protected":false},"author":2,"featured_media":1555,"comment_status":"open","ping_status":"open","sticky":false,"template":"","format":"standard","meta":{"_eb_attr":"","_jetpack_memberships_contains_paid_content":false,"footnotes":""},"categories":[6],"tags":[],"class_list":["post-1552","post","type-post","status-publish","format-standard","has-post-thumbnail","hentry","category-activites"],"yoast_head":"<!-- This site is optimized with the Yoast SEO plugin v25.6 - https:\/\/yoast.com\/wordpress\/plugins\/seo\/ -->\n<title>Participation de Madame la Ministre D\u00e9l\u00e9gu\u00e9e aux \u00c9tats G\u00e9n\u00e9raux de la Justice en RDC - Ministre D\u00e9l\u00e9gu\u00e9e En Charge de la Coop\u00e9ration Internationale Et Francophonie<\/title>\n<meta name=\"robots\" content=\"index, follow, max-snippet:-1, max-image-preview:large, max-video-preview:-1\" \/>\n<link rel=\"canonical\" href=\"https:\/\/cooperation.gouv.cd\/dev\/2024\/11\/06\/participation-de-madame-la-ministre-deleguee-aux-etats-generaux-de-la-justice-en-rdc\/\" \/>\n<meta property=\"og:locale\" content=\"fr_FR\" \/>\n<meta property=\"og:type\" content=\"article\" \/>\n<meta property=\"og:title\" content=\"Participation de Madame la Ministre D\u00e9l\u00e9gu\u00e9e aux \u00c9tats G\u00e9n\u00e9raux de la Justice en RDC - Ministre D\u00e9l\u00e9gu\u00e9e En Charge de la Coop\u00e9ration Internationale Et Francophonie\" \/>\n<meta property=\"og:description\" content=\"Le mercredi 6 novembre, la R\u00e9publique D\u00e9mocratique du Congo a lanc\u00e9 les \u00c9tats g\u00e9n\u00e9raux de la justice, un \u00e9v\u00e9nement marquant sous le th\u00e8me : \u00ab Pourquoi la justice congolaise est-elle malade ? Quelle th\u00e9rapie pour la gu\u00e9rir ? \u00bb. Parmi les dignitaires ayant marqu\u00e9 leur pr\u00e9sence en ces lieux, nous comptons la Ministre d\u00e9l\u00e9gu\u00e9e en [&hellip;]\" \/>\n<meta property=\"og:url\" content=\"https:\/\/cooperation.gouv.cd\/dev\/2024\/11\/06\/participation-de-madame-la-ministre-deleguee-aux-etats-generaux-de-la-justice-en-rdc\/\" \/>\n<meta property=\"og:site_name\" content=\"Ministre D\u00e9l\u00e9gu\u00e9e En Charge de la Coop\u00e9ration Internationale Et Francophonie\" \/>\n<meta property=\"article:publisher\" content=\"https:\/\/web.facebook.com\/profile.php?id=100064940047039\" \/>\n<meta property=\"article:published_time\" content=\"2024-11-06T09:30:16+00:00\" \/>\n<meta property=\"article:modified_time\" content=\"2024-11-27T10:53:40+00:00\" \/>\n<meta property=\"og:image\" content=\"https:\/\/cooperation.gouv.cd\/dev\/wp-content\/uploads\/2024\/11\/WhatsApp-Image-2024-11-08-at-10.14.38-1.jpeg\" \/>\n\t<meta property=\"og:image:width\" content=\"2560\" \/>\n\t<meta property=\"og:image:height\" content=\"1708\" \/>\n\t<meta property=\"og:image:type\" content=\"image\/jpeg\" \/>\n<meta name=\"author\" content=\"Elie Tshingombe\" \/>\n<meta name=\"twitter:card\" content=\"summary_large_image\" \/>\n<meta name=\"twitter:creator\" content=\"@BestineKazadi\" \/>\n<meta name=\"twitter:site\" content=\"@BestineKazadi\" \/>\n<meta name=\"twitter:label1\" content=\"\u00c9crit par\" \/>\n\t<meta name=\"twitter:data1\" content=\"Elie Tshingombe\" \/>\n\t<meta name=\"twitter:label2\" content=\"Dur\u00e9e de lecture estim\u00e9e\" \/>\n\t<meta name=\"twitter:data2\" content=\"1 minute\" \/>\n<script type=\"application\/ld+json\" class=\"yoast-schema-graph\">{\"@context\":\"https:\/\/schema.org\",\"@graph\":[{\"@type\":\"Article\",\"@id\":\"https:\/\/cooperation.gouv.cd\/dev\/2024\/11\/06\/participation-de-madame-la-ministre-deleguee-aux-etats-generaux-de-la-justice-en-rdc\/#article\",\"isPartOf\":{\"@id\":\"https:\/\/cooperation.gouv.cd\/dev\/2024\/11\/06\/participation-de-madame-la-ministre-deleguee-aux-etats-generaux-de-la-justice-en-rdc\/\"},\"author\":{\"name\":\"Elie Tshingombe\",\"@id\":\"https:\/\/cooperation.gouv.cd\/dev\/#\/schema\/person\/2ae9d7c527bf6a3bd84c9908a528632c\"},\"headline\":\"Participation de Madame la Ministre D\u00e9l\u00e9gu\u00e9e aux \u00c9tats G\u00e9n\u00e9raux de la Justice en RDC\",\"datePublished\":\"2024-11-06T09:30:16+00:00\",\"dateModified\":\"2024-11-27T10:53:40+00:00\",\"mainEntityOfPage\":{\"@id\":\"https:\/\/cooperation.gouv.cd\/dev\/2024\/11\/06\/participation-de-madame-la-ministre-deleguee-aux-etats-generaux-de-la-justice-en-rdc\/\"},\"wordCount\":202,\"commentCount\":0,\"publisher\":{\"@id\":\"https:\/\/cooperation.gouv.cd\/dev\/#organization\"},\"image\":{\"@id\":\"https:\/\/cooperation.gouv.cd\/dev\/2024\/11\/06\/participation-de-madame-la-ministre-deleguee-aux-etats-generaux-de-la-justice-en-rdc\/#primaryimage\"},\"thumbnailUrl\":\"https:\/\/cooperation.gouv.cd\/dev\/wp-content\/uploads\/2024\/11\/WhatsApp-Image-2024-11-08-at-10.14.38-1.jpeg\",\"articleSection\":[\"Actualit\u00e9s\"],\"inLanguage\":\"fr-FR\",\"potentialAction\":[{\"@type\":\"CommentAction\",\"name\":\"Comment\",\"target\":[\"https:\/\/cooperation.gouv.cd\/dev\/2024\/11\/06\/participation-de-madame-la-ministre-deleguee-aux-etats-generaux-de-la-justice-en-rdc\/#respond\"]}]},{\"@type\":\"WebPage\",\"@id\":\"https:\/\/cooperation.gouv.cd\/dev\/2024\/11\/06\/participation-de-madame-la-ministre-deleguee-aux-etats-generaux-de-la-justice-en-rdc\/\",\"url\":\"https:\/\/cooperation.gouv.cd\/dev\/2024\/11\/06\/participation-de-madame-la-ministre-deleguee-aux-etats-generaux-de-la-justice-en-rdc\/\",\"name\":\"Participation de Madame la Ministre D\u00e9l\u00e9gu\u00e9e aux \u00c9tats G\u00e9n\u00e9raux de la Justice en RDC - Ministre D\u00e9l\u00e9gu\u00e9e En Charge de la Coop\u00e9ration Internationale Et Francophonie\",\"isPartOf\":{\"@id\":\"https:\/\/cooperation.gouv.cd\/dev\/#website\"},\"primaryImageOfPage\":{\"@id\":\"https:\/\/cooperation.gouv.cd\/dev\/2024\/11\/06\/participation-de-madame-la-ministre-deleguee-aux-etats-generaux-de-la-justice-en-rdc\/#primaryimage\"},\"image\":{\"@id\":\"https:\/\/cooperation.gouv.cd\/dev\/2024\/11\/06\/participation-de-madame-la-ministre-deleguee-aux-etats-generaux-de-la-justice-en-rdc\/#primaryimage\"},\"thumbnailUrl\":\"https:\/\/cooperation.gouv.cd\/dev\/wp-content\/uploads\/2024\/11\/WhatsApp-Image-2024-11-08-at-10.14.38-1.jpeg\",\"datePublished\":\"2024-11-06T09:30:16+00:00\",\"dateModified\":\"2024-11-27T10:53:40+00:00\",\"breadcrumb\":{\"@id\":\"https:\/\/cooperation.gouv.cd\/dev\/2024\/11\/06\/participation-de-madame-la-ministre-deleguee-aux-etats-generaux-de-la-justice-en-rdc\/#breadcrumb\"},\"inLanguage\":\"fr-FR\",\"potentialAction\":[{\"@type\":\"ReadAction\",\"target\":[\"https:\/\/cooperation.gouv.cd\/dev\/2024\/11\/06\/participation-de-madame-la-ministre-deleguee-aux-etats-generaux-de-la-justice-en-rdc\/\"]}]},{\"@type\":\"ImageObject\",\"inLanguage\":\"fr-FR\",\"@id\":\"https:\/\/cooperation.gouv.cd\/dev\/2024\/11\/06\/participation-de-madame-la-ministre-deleguee-aux-etats-generaux-de-la-justice-en-rdc\/#primaryimage\",\"url\":\"https:\/\/cooperation.gouv.cd\/dev\/wp-content\/uploads\/2024\/11\/WhatsApp-Image-2024-11-08-at-10.14.38-1.jpeg\",\"contentUrl\":\"https:\/\/cooperation.gouv.cd\/dev\/wp-content\/uploads\/2024\/11\/WhatsApp-Image-2024-11-08-at-10.14.38-1.jpeg\",\"width\":2560,\"height\":1708},{\"@type\":\"BreadcrumbList\",\"@id\":\"https:\/\/cooperation.gouv.cd\/dev\/2024\/11\/06\/participation-de-madame-la-ministre-deleguee-aux-etats-generaux-de-la-justice-en-rdc\/#breadcrumb\",\"itemListElement\":[{\"@type\":\"ListItem\",\"position\":1,\"name\":\"Accueil\",\"item\":\"https:\/\/cooperation.gouv.cd\/dev\/\"},{\"@type\":\"ListItem\",\"position\":2,\"name\":\"Participation de Madame la Ministre D\u00e9l\u00e9gu\u00e9e aux \u00c9tats G\u00e9n\u00e9raux de la Justice en RDC\"}]},{\"@type\":\"WebSite\",\"@id\":\"https:\/\/cooperation.gouv.cd\/dev\/#website\",\"url\":\"https:\/\/cooperation.gouv.cd\/dev\/\",\"name\":\"Ministre D\u00e9l\u00e9gu\u00e9e En Charge de la Coop\u00e9ration Internationale Et Francophonie\",\"description\":\"Portail officiel du Ministre d\u00e9l\u00e9gu\u00e9 en charge de la Coop\u00e9ration internationale et de la Francophonie.\",\"publisher\":{\"@id\":\"https:\/\/cooperation.gouv.cd\/dev\/#organization\"},\"potentialAction\":[{\"@type\":\"SearchAction\",\"target\":{\"@type\":\"EntryPoint\",\"urlTemplate\":\"https:\/\/cooperation.gouv.cd\/dev\/?s={search_term_string}\"},\"query-input\":{\"@type\":\"PropertyValueSpecification\",\"valueRequired\":true,\"valueName\":\"search_term_string\"}}],\"inLanguage\":\"fr-FR\"},{\"@type\":\"Organization\",\"@id\":\"https:\/\/cooperation.gouv.cd\/dev\/#organization\",\"name\":\"Bestine Kazadi\",\"url\":\"https:\/\/cooperation.gouv.cd\/dev\/\",\"logo\":{\"@type\":\"ImageObject\",\"inLanguage\":\"fr-FR\",\"@id\":\"https:\/\/cooperation.gouv.cd\/dev\/#\/schema\/logo\/image\/\",\"url\":\"https:\/\/cooperation.gouv.cd\/dev\/wp-content\/uploads\/2024\/09\/cropped-logo-2.png\",\"contentUrl\":\"https:\/\/cooperation.gouv.cd\/dev\/wp-content\/uploads\/2024\/09\/cropped-logo-2.png\",\"width\":2499,\"height\":1166,\"caption\":\"Bestine Kazadi\"},\"image\":{\"@id\":\"https:\/\/cooperation.gouv.cd\/dev\/#\/schema\/logo\/image\/\"},\"sameAs\":[\"https:\/\/web.facebook.com\/profile.php?id=100064940047039\",\"https:\/\/x.com\/BestineKazadi\",\"https:\/\/www.youtube.com\/@CoopInternEtFrancophonie\",\"https:\/\/www.instagram.com\/bestine_kazadi\/\",\"https:\/\/whatsapp.com\/channel\/0029Vax83N8AojYzbHOjzx05\"]},{\"@type\":\"Person\",\"@id\":\"https:\/\/cooperation.gouv.cd\/dev\/#\/schema\/person\/2ae9d7c527bf6a3bd84c9908a528632c\",\"name\":\"Elie Tshingombe\",\"image\":{\"@type\":\"ImageObject\",\"inLanguage\":\"fr-FR\",\"@id\":\"https:\/\/cooperation.gouv.cd\/dev\/#\/schema\/person\/image\/\",\"url\":\"https:\/\/secure.gravatar.com\/avatar\/6c0799964d475999ae9baf49f3b1d6e7579eff8673327022e40455e31215e0c8?s=96&d=mm&r=g\",\"contentUrl\":\"https:\/\/secure.gravatar.com\/avatar\/6c0799964d475999ae9baf49f3b1d6e7579eff8673327022e40455e31215e0c8?s=96&d=mm&r=g\",\"caption\":\"Elie Tshingombe\"},\"sameAs\":[\"https:\/\/etasite-cd.web.app\/\"],\"url\":\"https:\/\/cooperation.gouv.cd\/dev\/author\/eleo7421\/\"}]}<\/script>\n<!-- \/ Yoast SEO plugin. -->","yoast_head_json":{"title":"Participation de Madame la Ministre D\u00e9l\u00e9gu\u00e9e aux \u00c9tats G\u00e9n\u00e9raux de la Justice en RDC - Ministre D\u00e9l\u00e9gu\u00e9e En Charge de la Coop\u00e9ration Internationale Et Francophonie","robots":{"index":"index","follow":"follow","max-snippet":"max-snippet:-1","max-image-preview":"max-image-preview:large","max-video-preview":"max-video-preview:-1"},"canonical":"https:\/\/cooperation.gouv.cd\/dev\/2024\/11\/06\/participation-de-madame-la-ministre-deleguee-aux-etats-generaux-de-la-justice-en-rdc\/","og_locale":"fr_FR","og_type":"article","og_title":"Participation de Madame la Ministre D\u00e9l\u00e9gu\u00e9e aux \u00c9tats G\u00e9n\u00e9raux de la Justice en RDC - Ministre D\u00e9l\u00e9gu\u00e9e En Charge de la Coop\u00e9ration Internationale Et Francophonie","og_description":"Le mercredi 6 novembre, la R\u00e9publique D\u00e9mocratique du Congo a lanc\u00e9 les \u00c9tats g\u00e9n\u00e9raux de la justice, un \u00e9v\u00e9nement marquant sous le th\u00e8me : \u00ab Pourquoi la justice congolaise est-elle malade ? Quelle th\u00e9rapie pour la gu\u00e9rir ? \u00bb. Parmi les dignitaires ayant marqu\u00e9 leur pr\u00e9sence en ces lieux, nous comptons la Ministre d\u00e9l\u00e9gu\u00e9e en [&hellip;]","og_url":"https:\/\/cooperation.gouv.cd\/dev\/2024\/11\/06\/participation-de-madame-la-ministre-deleguee-aux-etats-generaux-de-la-justice-en-rdc\/","og_site_name":"Ministre D\u00e9l\u00e9gu\u00e9e En Charge de la Coop\u00e9ration Internationale Et Francophonie","article_publisher":"https:\/\/web.facebook.com\/profile.php?id=100064940047039","article_published_time":"2024-11-06T09:30:16+00:00","article_modified_time":"2024-11-27T10:53:40+00:00","og_image":[{"width":2560,"height":1708,"url":"https:\/\/cooperation.gouv.cd\/dev\/wp-content\/uploads\/2024\/11\/WhatsApp-Image-2024-11-08-at-10.14.38-1.jpeg","type":"image\/jpeg"}],"author":"Elie Tshingombe","twitter_card":"summary_large_image","twitter_creator":"@BestineKazadi","twitter_site":"@BestineKazadi","twitter_misc":{"\u00c9crit par":"Elie Tshingombe","Dur\u00e9e de lecture estim\u00e9e":"1 minute"},"schema":{"@context":"https:\/\/schema.org","@graph":[{"@type":"Article","@id":"https:\/\/cooperation.gouv.cd\/dev\/2024\/11\/06\/participation-de-madame-la-ministre-deleguee-aux-etats-generaux-de-la-justice-en-rdc\/#article","isPartOf":{"@id":"https:\/\/cooperation.gouv.cd\/dev\/2024\/11\/06\/participation-de-madame-la-ministre-deleguee-aux-etats-generaux-de-la-justice-en-rdc\/"},"author":{"name":"Elie Tshingombe","@id":"https:\/\/cooperation.gouv.cd\/dev\/#\/schema\/person\/2ae9d7c527bf6a3bd84c9908a528632c"},"headline":"Participation de Madame la Ministre D\u00e9l\u00e9gu\u00e9e aux \u00c9tats G\u00e9n\u00e9raux de la Justice en RDC","datePublished":"2024-11-06T09:30:16+00:00","dateModified":"2024-11-27T10:53:40+00:00","mainEntityOfPage":{"@id":"https:\/\/cooperation.gouv.cd\/dev\/2024\/11\/06\/participation-de-madame-la-ministre-deleguee-aux-etats-generaux-de-la-justice-en-rdc\/"},"wordCount":202,"commentCount":0,"publisher":{"@id":"https:\/\/cooperation.gouv.cd\/dev\/#organization"},"image":{"@id":"https:\/\/cooperation.gouv.cd\/dev\/2024\/11\/06\/participation-de-madame-la-ministre-deleguee-aux-etats-generaux-de-la-justice-en-rdc\/#primaryimage"},"thumbnailUrl":"https:\/\/cooperation.gouv.cd\/dev\/wp-content\/uploads\/2024\/11\/WhatsApp-Image-2024-11-08-at-10.14.38-1.jpeg","articleSection":["Actualit\u00e9s"],"inLanguage":"fr-FR","potentialAction":[{"@type":"CommentAction","name":"Comment","target":["https:\/\/cooperation.gouv.cd\/dev\/2024\/11\/06\/participation-de-madame-la-ministre-deleguee-aux-etats-generaux-de-la-justice-en-rdc\/#respond"]}]},{"@type":"WebPage","@id":"https:\/\/cooperation.gouv.cd\/dev\/2024\/11\/06\/participation-de-madame-la-ministre-deleguee-aux-etats-generaux-de-la-justice-en-rdc\/","url":"https:\/\/cooperation.gouv.cd\/dev\/2024\/11\/06\/participation-de-madame-la-ministre-deleguee-aux-etats-generaux-de-la-justice-en-rdc\/","name":"Participation de Madame la Ministre D\u00e9l\u00e9gu\u00e9e aux \u00c9tats G\u00e9n\u00e9raux de la Justice en RDC - Ministre D\u00e9l\u00e9gu\u00e9e En Charge de la Coop\u00e9ration Internationale Et Francophonie","isPartOf":{"@id":"https:\/\/cooperation.gouv.cd\/dev\/#website"},"primaryImageOfPage":{"@id":"https:\/\/cooperation.gouv.cd\/dev\/2024\/11\/06\/participation-de-madame-la-ministre-deleguee-aux-etats-generaux-de-la-justice-en-rdc\/#primaryimage"},"image":{"@id":"https:\/\/cooperation.gouv.cd\/dev\/2024\/11\/06\/participation-de-madame-la-ministre-deleguee-aux-etats-generaux-de-la-justice-en-rdc\/#primaryimage"},"thumbnailUrl":"https:\/\/cooperation.gouv.cd\/dev\/wp-content\/uploads\/2024\/11\/WhatsApp-Image-2024-11-08-at-10.14.38-1.jpeg","datePublished":"2024-11-06T09:30:16+00:00","dateModified":"2024-11-27T10:53:40+00:00","breadcrumb":{"@id":"https:\/\/cooperation.gouv.cd\/dev\/2024\/11\/06\/participation-de-madame-la-ministre-deleguee-aux-etats-generaux-de-la-justice-en-rdc\/#breadcrumb"},"inLanguage":"fr-FR","potentialAction":[{"@type":"ReadAction","target":["https:\/\/cooperation.gouv.cd\/dev\/2024\/11\/06\/participation-de-madame-la-ministre-deleguee-aux-etats-generaux-de-la-justice-en-rdc\/"]}]},{"@type":"ImageObject","inLanguage":"fr-FR","@id":"https:\/\/cooperation.gouv.cd\/dev\/2024\/11\/06\/participation-de-madame-la-ministre-deleguee-aux-etats-generaux-de-la-justice-en-rdc\/#primaryimage","url":"https:\/\/cooperation.gouv.cd\/dev\/wp-content\/uploads\/2024\/11\/WhatsApp-Image-2024-11-08-at-10.14.38-1.jpeg","contentUrl":"https:\/\/cooperation.gouv.cd\/dev\/wp-content\/uploads\/2024\/11\/WhatsApp-Image-2024-11-08-at-10.14.38-1.jpeg","width":2560,"height":1708},{"@type":"BreadcrumbList","@id":"https:\/\/cooperation.gouv.cd\/dev\/2024\/11\/06\/participation-de-madame-la-ministre-deleguee-aux-etats-generaux-de-la-justice-en-rdc\/#breadcrumb","itemListElement":[{"@type":"ListItem","position":1,"name":"Accueil","item":"https:\/\/cooperation.gouv.cd\/dev\/"},{"@type":"ListItem","position":2,"name":"Participation de Madame la Ministre D\u00e9l\u00e9gu\u00e9e aux \u00c9tats G\u00e9n\u00e9raux de la Justice en RDC"}]},{"@type":"WebSite","@id":"https:\/\/cooperation.gouv.cd\/dev\/#website","url":"https:\/\/cooperation.gouv.cd\/dev\/","name":"Ministre D\u00e9l\u00e9gu\u00e9e En Charge de la Coop\u00e9ration Internationale Et Francophonie","description":"Portail officiel du Ministre d\u00e9l\u00e9gu\u00e9 en charge de la Coop\u00e9ration internationale et de la Francophonie.","publisher":{"@id":"https:\/\/cooperation.gouv.cd\/dev\/#organization"},"potentialAction":[{"@type":"SearchAction","target":{"@type":"EntryPoint","urlTemplate":"https:\/\/cooperation.gouv.cd\/dev\/?s={search_term_string}"},"query-input":{"@type":"PropertyValueSpecification","valueRequired":true,"valueName":"search_term_string"}}],"inLanguage":"fr-FR"},{"@type":"Organization","@id":"https:\/\/cooperation.gouv.cd\/dev\/#organization","name":"Bestine Kazadi","url":"https:\/\/cooperation.gouv.cd\/dev\/","logo":{"@type":"ImageObject","inLanguage":"fr-FR","@id":"https:\/\/cooperation.gouv.cd\/dev\/#\/schema\/logo\/image\/","url":"https:\/\/cooperation.gouv.cd\/dev\/wp-content\/uploads\/2024\/09\/cropped-logo-2.png","contentUrl":"https:\/\/cooperation.gouv.cd\/dev\/wp-content\/uploads\/2024\/09\/cropped-logo-2.png","width":2499,"height":1166,"caption":"Bestine Kazadi"},"image":{"@id":"https:\/\/cooperation.gouv.cd\/dev\/#\/schema\/logo\/image\/"},"sameAs":["https:\/\/web.facebook.com\/profile.php?id=100064940047039","https:\/\/x.com\/BestineKazadi","https:\/\/www.youtube.com\/@CoopInternEtFrancophonie","https:\/\/www.instagram.com\/bestine_kazadi\/","https:\/\/whatsapp.com\/channel\/0029Vax83N8AojYzbHOjzx05"]},{"@type":"Person","@id":"https:\/\/cooperation.gouv.cd\/dev\/#\/schema\/person\/2ae9d7c527bf6a3bd84c9908a528632c","name":"Elie Tshingombe","image":{"@type":"ImageObject","inLanguage":"fr-FR","@id":"https:\/\/cooperation.gouv.cd\/dev\/#\/schema\/person\/image\/","url":"https:\/\/secure.gravatar.com\/avatar\/6c0799964d475999ae9baf49f3b1d6e7579eff8673327022e40455e31215e0c8?s=96&d=mm&r=g","contentUrl":"https:\/\/secure.gravatar.com\/avatar\/6c0799964d475999ae9baf49f3b1d6e7579eff8673327022e40455e31215e0c8?s=96&d=mm&r=g","caption":"Elie Tshingombe"},"sameAs":["https:\/\/etasite-cd.web.app\/"],"url":"https:\/\/cooperation.gouv.cd\/dev\/author\/eleo7421\/"}]}},"jetpack_featured_media_url":"https:\/\/cooperation.gouv.cd\/dev\/wp-content\/uploads\/2024\/11\/WhatsApp-Image-2024-11-08-at-10.14.38-1.jpeg","jetpack_sharing_enabled":true,"_links":{"self":[{"href":"https:\/\/cooperation.gouv.cd\/dev\/wp-json\/wp\/v2\/posts\/1552","targetHints":{"allow":["GET"]}}],"collection":[{"href":"https:\/\/cooperation.gouv.cd\/dev\/wp-json\/wp\/v2\/posts"}],"about":[{"href":"https:\/\/cooperation.gouv.cd\/dev\/wp-json\/wp\/v2\/types\/post"}],"author":[{"embeddable":true,"href":"https:\/\/cooperation.gouv.cd\/dev\/wp-json\/wp\/v2\/users\/2"}],"replies":[{"embeddable":true,"href":"https:\/\/cooperation.gouv.cd\/dev\/wp-json\/wp\/v2\/comments?post=1552"}],"version-history":[{"count":2,"href":"https:\/\/cooperation.gouv.cd\/dev\/wp-json\/wp\/v2\/posts\/1552\/revisions"}],"predecessor-version":[{"id":1571,"href":"https:\/\/cooperation.gouv.cd\/dev\/wp-json\/wp\/v2\/posts\/1552\/revisions\/1571"}],"wp:featuredmedia":[{"embeddable":true,"href":"https:\/\/cooperation.gouv.cd\/dev\/wp-json\/wp\/v2\/media\/1555"}],"wp:attachment":[{"href":"https:\/\/cooperation.gouv.cd\/dev\/wp-json\/wp\/v2\/media?parent=1552"}],"wp:term":[{"taxonomy":"category","embeddable":true,"href":"https:\/\/cooperation.gouv.cd\/dev\/wp-json\/wp\/v2\/categories?post=1552"},{"taxonomy":"post_tag","embeddable":true,"href":"https:\/\/cooperation.gouv.cd\/dev\/wp-json\/wp\/v2\/tags?post=1552"}],"curies":[{"name":"wp","href":"https:\/\/api.w.org\/{rel}","templated":true}]}}