{"id":1748,"date":"2024-11-11T15:11:11","date_gmt":"2024-11-11T14:11:11","guid":{"rendered":"https:\/\/cooperation.gouv.cd\/dev\/?p=1748"},"modified":"2025-08-06T17:01:36","modified_gmt":"2025-08-06T15:01:36","slug":"participation-de-la-rdc-a-la-cop29-engagement-pour-le-climat-et-lenvironnement","status":"publish","type":"post","link":"https:\/\/cooperation.gouv.cd\/dev\/2024\/11\/11\/participation-de-la-rdc-a-la-cop29-engagement-pour-le-climat-et-lenvironnement\/","title":{"rendered":"Participation de la RDC \u00e0 la COP29 : Engagement pour le Climat et l\u2019Environnement"},"content":{"rendered":"\n<p>Le 11 novembre, le pavillon de la R\u00e9publique D\u00e9mocratique du Congo (RDC) \u00e0 la COP29 a accueilli la Premi\u00e8re Ministre Suminwa Judith, qui a pr\u00e9sent\u00e9 les atouts du pays dans la lutte contre le Changement Climatique. La Ministre de l\u2019Environnement, Eve bazaiba, a rappel\u00e9 les engagements de la RDC face aux d\u00e9fis environnementaux.<\/p>\n\n\n\n<figure class=\"wp-block-image size-large\"><img decoding=\"async\" src=\"https:\/\/firebasestorage.googleapis.com\/v0\/b\/cooperation-gouv.firebasestorage.app\/o\/2024%2F11%2Fcop29%2Fimage-15-1024x683.png?alt=media&amp;token=a171fce0-685d-4619-a4fb-06c5f80b61a7\" alt=\"\"\/><\/figure>\n\n\n\n<p>La Ministre D\u00e9l\u00e9gu\u00e9e Bestine Kazadi y a \u00e9galement fait partie, rappelant que la coop\u00e9ration internationale, notamment avec les \u00c9tats de l&rsquo;OIFrancophonie, constitue un levier essentiel pour \u00e9tablir des partenariats strat\u00e9giques en vue de la pr\u00e9servation de l&rsquo;environnement et de la Transition \u00c9nerg\u00e9tique.<\/p>\n\n\n\n<figure class=\"wp-block-gallery has-nested-images columns-default is-cropped wp-block-gallery-1 is-layout-flex wp-block-gallery-is-layout-flex\">\n<figure class=\"wp-block-image size-large\"><img decoding=\"async\" src=\"https:\/\/firebasestorage.googleapis.com\/v0\/b\/cooperation-gouv.firebasestorage.app\/o\/2024%2F11%2Fcop29%2Fimage-18-1024x682.png?alt=media&amp;token=612c040b-0e1b-4ae7-97fc-f1308bb3c037\" alt=\"\"\/><\/figure>\n\n\n\n<figure class=\"wp-block-image size-large\"><img decoding=\"async\" src=\"https:\/\/firebasestorage.googleapis.com\/v0\/b\/cooperation-gouv.firebasestorage.app\/o\/2024%2F11%2Fcop29%2Fimage-17-1024x683.png?alt=media&amp;token=3d034f41-5793-487e-a6a6-0ca261a06d20\" alt=\"\"\/><\/figure>\n<\/figure>\n\n\n\n<figure class=\"wp-block-image size-large\"><img fetchpriority=\"high\" decoding=\"async\" width=\"1024\" height=\"683\" src=\"https:\/\/cooperation.gouv.cd\/dev\/wp-content\/uploads\/2024\/11\/image-16-1-1024x683.png\" alt=\"\" class=\"wp-image-3613\" srcset=\"https:\/\/cooperation.gouv.cd\/dev\/wp-content\/uploads\/2024\/11\/image-16-1-1024x683.png 1024w, https:\/\/cooperation.gouv.cd\/dev\/wp-content\/uploads\/2024\/11\/image-16-1-300x200.png 300w, https:\/\/cooperation.gouv.cd\/dev\/wp-content\/uploads\/2024\/11\/image-16-1-768x512.png 768w, https:\/\/cooperation.gouv.cd\/dev\/wp-content\/uploads\/2024\/11\/image-16-1.png 1032w\" sizes=\"(max-width: 1024px) 100vw, 1024px\" \/><\/figure>\n","protected":false},"excerpt":{"rendered":"<p>Le 11 novembre, le pavillon de la R\u00e9publique D\u00e9mocratique du Congo (RDC) \u00e0 la COP29 a accueilli la Premi\u00e8re Ministre Suminwa Judith, qui a pr\u00e9sent\u00e9 les atouts du pays dans la lutte contre le Changement Climatique. La Ministre de l\u2019Environnement, Eve bazaiba, a rappel\u00e9 les engagements de la RDC face aux d\u00e9fis environnementaux. La Ministre [&hellip;]<\/p>\n","protected":false},"author":2,"featured_media":3612,"comment_status":"closed","ping_status":"open","sticky":false,"template":"","format":"standard","meta":{"_eb_attr":"","_jetpack_memberships_contains_paid_content":false,"footnotes":""},"categories":[6],"tags":[],"class_list":["post-1748","post","type-post","status-publish","format-standard","has-post-thumbnail","hentry","category-activites"],"yoast_head":"<!-- This site is optimized with the Yoast SEO plugin v25.6 - https:\/\/yoast.com\/wordpress\/plugins\/seo\/ -->\n<title>Participation de la RDC \u00e0 la COP29 : Engagement pour le Climat et l\u2019Environnement - Ministre D\u00e9l\u00e9gu\u00e9e En Charge de la Coop\u00e9ration Internationale Et Francophonie<\/title>\n<meta name=\"robots\" content=\"index, follow, max-snippet:-1, max-image-preview:large, max-video-preview:-1\" \/>\n<link rel=\"canonical\" href=\"https:\/\/cooperation.gouv.cd\/dev\/2024\/11\/11\/participation-de-la-rdc-a-la-cop29-engagement-pour-le-climat-et-lenvironnement\/\" \/>\n<meta property=\"og:locale\" content=\"fr_FR\" \/>\n<meta property=\"og:type\" content=\"article\" \/>\n<meta property=\"og:title\" content=\"Participation de la RDC \u00e0 la COP29 : Engagement pour le Climat et l\u2019Environnement - Ministre D\u00e9l\u00e9gu\u00e9e En Charge de la Coop\u00e9ration Internationale Et Francophonie\" \/>\n<meta property=\"og:description\" content=\"Le 11 novembre, le pavillon de la R\u00e9publique D\u00e9mocratique du Congo (RDC) \u00e0 la COP29 a accueilli la Premi\u00e8re Ministre Suminwa Judith, qui a pr\u00e9sent\u00e9 les atouts du pays dans la lutte contre le Changement Climatique. La Ministre de l\u2019Environnement, Eve bazaiba, a rappel\u00e9 les engagements de la RDC face aux d\u00e9fis environnementaux. La Ministre [&hellip;]\" \/>\n<meta property=\"og:url\" content=\"https:\/\/cooperation.gouv.cd\/dev\/2024\/11\/11\/participation-de-la-rdc-a-la-cop29-engagement-pour-le-climat-et-lenvironnement\/\" \/>\n<meta property=\"og:site_name\" content=\"Ministre D\u00e9l\u00e9gu\u00e9e En Charge de la Coop\u00e9ration Internationale Et Francophonie\" \/>\n<meta property=\"article:publisher\" content=\"https:\/\/web.facebook.com\/profile.php?id=100064940047039\" \/>\n<meta property=\"article:published_time\" content=\"2024-11-11T14:11:11+00:00\" \/>\n<meta property=\"article:modified_time\" content=\"2025-08-06T15:01:36+00:00\" \/>\n<meta property=\"og:image\" content=\"https:\/\/cooperation.gouv.cd\/dev\/wp-content\/uploads\/2024\/11\/image-17-1024x683-1.png\" \/>\n\t<meta property=\"og:image:width\" content=\"1024\" \/>\n\t<meta property=\"og:image:height\" content=\"683\" \/>\n\t<meta property=\"og:image:type\" content=\"image\/png\" \/>\n<meta name=\"author\" content=\"Elie Tshingombe\" \/>\n<meta name=\"twitter:card\" content=\"summary_large_image\" \/>\n<meta name=\"twitter:creator\" content=\"@BestineKazadi\" \/>\n<meta name=\"twitter:site\" content=\"@BestineKazadi\" \/>\n<meta name=\"twitter:label1\" content=\"\u00c9crit par\" \/>\n\t<meta name=\"twitter:data1\" content=\"Elie Tshingombe\" \/>\n\t<meta name=\"twitter:label2\" content=\"Dur\u00e9e de lecture estim\u00e9e\" \/>\n\t<meta name=\"twitter:data2\" content=\"2 minutes\" \/>\n<script type=\"application\/ld+json\" class=\"yoast-schema-graph\">{\"@context\":\"https:\/\/schema.org\",\"@graph\":[{\"@type\":\"Article\",\"@id\":\"https:\/\/cooperation.gouv.cd\/dev\/2024\/11\/11\/participation-de-la-rdc-a-la-cop29-engagement-pour-le-climat-et-lenvironnement\/#article\",\"isPartOf\":{\"@id\":\"https:\/\/cooperation.gouv.cd\/dev\/2024\/11\/11\/participation-de-la-rdc-a-la-cop29-engagement-pour-le-climat-et-lenvironnement\/\"},\"author\":{\"name\":\"Elie Tshingombe\",\"@id\":\"https:\/\/cooperation.gouv.cd\/dev\/#\/schema\/person\/2ae9d7c527bf6a3bd84c9908a528632c\"},\"headline\":\"Participation de la RDC \u00e0 la COP29 : Engagement pour le Climat et l\u2019Environnement\",\"datePublished\":\"2024-11-11T14:11:11+00:00\",\"dateModified\":\"2025-08-06T15:01:36+00:00\",\"mainEntityOfPage\":{\"@id\":\"https:\/\/cooperation.gouv.cd\/dev\/2024\/11\/11\/participation-de-la-rdc-a-la-cop29-engagement-pour-le-climat-et-lenvironnement\/\"},\"wordCount\":121,\"publisher\":{\"@id\":\"https:\/\/cooperation.gouv.cd\/dev\/#organization\"},\"image\":{\"@id\":\"https:\/\/cooperation.gouv.cd\/dev\/2024\/11\/11\/participation-de-la-rdc-a-la-cop29-engagement-pour-le-climat-et-lenvironnement\/#primaryimage\"},\"thumbnailUrl\":\"https:\/\/cooperation.gouv.cd\/dev\/wp-content\/uploads\/2024\/11\/image-17-1024x683-1.png\",\"articleSection\":[\"Actualit\u00e9s\"],\"inLanguage\":\"fr-FR\"},{\"@type\":\"WebPage\",\"@id\":\"https:\/\/cooperation.gouv.cd\/dev\/2024\/11\/11\/participation-de-la-rdc-a-la-cop29-engagement-pour-le-climat-et-lenvironnement\/\",\"url\":\"https:\/\/cooperation.gouv.cd\/dev\/2024\/11\/11\/participation-de-la-rdc-a-la-cop29-engagement-pour-le-climat-et-lenvironnement\/\",\"name\":\"Participation de la RDC \u00e0 la COP29 : Engagement pour le Climat et l\u2019Environnement - Ministre D\u00e9l\u00e9gu\u00e9e En Charge de la Coop\u00e9ration Internationale Et Francophonie\",\"isPartOf\":{\"@id\":\"https:\/\/cooperation.gouv.cd\/dev\/#website\"},\"primaryImageOfPage\":{\"@id\":\"https:\/\/cooperation.gouv.cd\/dev\/2024\/11\/11\/participation-de-la-rdc-a-la-cop29-engagement-pour-le-climat-et-lenvironnement\/#primaryimage\"},\"image\":{\"@id\":\"https:\/\/cooperation.gouv.cd\/dev\/2024\/11\/11\/participation-de-la-rdc-a-la-cop29-engagement-pour-le-climat-et-lenvironnement\/#primaryimage\"},\"thumbnailUrl\":\"https:\/\/cooperation.gouv.cd\/dev\/wp-content\/uploads\/2024\/11\/image-17-1024x683-1.png\",\"datePublished\":\"2024-11-11T14:11:11+00:00\",\"dateModified\":\"2025-08-06T15:01:36+00:00\",\"breadcrumb\":{\"@id\":\"https:\/\/cooperation.gouv.cd\/dev\/2024\/11\/11\/participation-de-la-rdc-a-la-cop29-engagement-pour-le-climat-et-lenvironnement\/#breadcrumb\"},\"inLanguage\":\"fr-FR\",\"potentialAction\":[{\"@type\":\"ReadAction\",\"target\":[\"https:\/\/cooperation.gouv.cd\/dev\/2024\/11\/11\/participation-de-la-rdc-a-la-cop29-engagement-pour-le-climat-et-lenvironnement\/\"]}]},{\"@type\":\"ImageObject\",\"inLanguage\":\"fr-FR\",\"@id\":\"https:\/\/cooperation.gouv.cd\/dev\/2024\/11\/11\/participation-de-la-rdc-a-la-cop29-engagement-pour-le-climat-et-lenvironnement\/#primaryimage\",\"url\":\"https:\/\/cooperation.gouv.cd\/dev\/wp-content\/uploads\/2024\/11\/image-17-1024x683-1.png\",\"contentUrl\":\"https:\/\/cooperation.gouv.cd\/dev\/wp-content\/uploads\/2024\/11\/image-17-1024x683-1.png\",\"width\":1024,\"height\":683},{\"@type\":\"BreadcrumbList\",\"@id\":\"https:\/\/cooperation.gouv.cd\/dev\/2024\/11\/11\/participation-de-la-rdc-a-la-cop29-engagement-pour-le-climat-et-lenvironnement\/#breadcrumb\",\"itemListElement\":[{\"@type\":\"ListItem\",\"position\":1,\"name\":\"Accueil\",\"item\":\"https:\/\/cooperation.gouv.cd\/dev\/\"},{\"@type\":\"ListItem\",\"position\":2,\"name\":\"Participation de la RDC \u00e0 la COP29 : Engagement pour le Climat et l\u2019Environnement\"}]},{\"@type\":\"WebSite\",\"@id\":\"https:\/\/cooperation.gouv.cd\/dev\/#website\",\"url\":\"https:\/\/cooperation.gouv.cd\/dev\/\",\"name\":\"Ministre D\u00e9l\u00e9gu\u00e9e En Charge de la Coop\u00e9ration Internationale Et Francophonie\",\"description\":\"Portail officiel du Ministre d\u00e9l\u00e9gu\u00e9 en charge de la Coop\u00e9ration internationale et de la Francophonie.\",\"publisher\":{\"@id\":\"https:\/\/cooperation.gouv.cd\/dev\/#organization\"},\"potentialAction\":[{\"@type\":\"SearchAction\",\"target\":{\"@type\":\"EntryPoint\",\"urlTemplate\":\"https:\/\/cooperation.gouv.cd\/dev\/?s={search_term_string}\"},\"query-input\":{\"@type\":\"PropertyValueSpecification\",\"valueRequired\":true,\"valueName\":\"search_term_string\"}}],\"inLanguage\":\"fr-FR\"},{\"@type\":\"Organization\",\"@id\":\"https:\/\/cooperation.gouv.cd\/dev\/#organization\",\"name\":\"Bestine Kazadi\",\"url\":\"https:\/\/cooperation.gouv.cd\/dev\/\",\"logo\":{\"@type\":\"ImageObject\",\"inLanguage\":\"fr-FR\",\"@id\":\"https:\/\/cooperation.gouv.cd\/dev\/#\/schema\/logo\/image\/\",\"url\":\"https:\/\/cooperation.gouv.cd\/dev\/wp-content\/uploads\/2024\/09\/cropped-logo-2.png\",\"contentUrl\":\"https:\/\/cooperation.gouv.cd\/dev\/wp-content\/uploads\/2024\/09\/cropped-logo-2.png\",\"width\":2499,\"height\":1166,\"caption\":\"Bestine Kazadi\"},\"image\":{\"@id\":\"https:\/\/cooperation.gouv.cd\/dev\/#\/schema\/logo\/image\/\"},\"sameAs\":[\"https:\/\/web.facebook.com\/profile.php?id=100064940047039\",\"https:\/\/x.com\/BestineKazadi\",\"https:\/\/www.youtube.com\/@CoopInternEtFrancophonie\",\"https:\/\/www.instagram.com\/bestine_kazadi\/\",\"https:\/\/whatsapp.com\/channel\/0029Vax83N8AojYzbHOjzx05\"]},{\"@type\":\"Person\",\"@id\":\"https:\/\/cooperation.gouv.cd\/dev\/#\/schema\/person\/2ae9d7c527bf6a3bd84c9908a528632c\",\"name\":\"Elie Tshingombe\",\"image\":{\"@type\":\"ImageObject\",\"inLanguage\":\"fr-FR\",\"@id\":\"https:\/\/cooperation.gouv.cd\/dev\/#\/schema\/person\/image\/\",\"url\":\"https:\/\/secure.gravatar.com\/avatar\/6c0799964d475999ae9baf49f3b1d6e7579eff8673327022e40455e31215e0c8?s=96&d=mm&r=g\",\"contentUrl\":\"https:\/\/secure.gravatar.com\/avatar\/6c0799964d475999ae9baf49f3b1d6e7579eff8673327022e40455e31215e0c8?s=96&d=mm&r=g\",\"caption\":\"Elie Tshingombe\"},\"sameAs\":[\"https:\/\/etasite-cd.web.app\/\"],\"url\":\"https:\/\/cooperation.gouv.cd\/dev\/author\/eleo7421\/\"}]}<\/script>\n<!-- \/ Yoast SEO plugin. -->","yoast_head_json":{"title":"Participation de la RDC \u00e0 la COP29 : Engagement pour le Climat et l\u2019Environnement - Ministre D\u00e9l\u00e9gu\u00e9e En Charge de la Coop\u00e9ration Internationale Et Francophonie","robots":{"index":"index","follow":"follow","max-snippet":"max-snippet:-1","max-image-preview":"max-image-preview:large","max-video-preview":"max-video-preview:-1"},"canonical":"https:\/\/cooperation.gouv.cd\/dev\/2024\/11\/11\/participation-de-la-rdc-a-la-cop29-engagement-pour-le-climat-et-lenvironnement\/","og_locale":"fr_FR","og_type":"article","og_title":"Participation de la RDC \u00e0 la COP29 : Engagement pour le Climat et l\u2019Environnement - Ministre D\u00e9l\u00e9gu\u00e9e En Charge de la Coop\u00e9ration Internationale Et Francophonie","og_description":"Le 11 novembre, le pavillon de la R\u00e9publique D\u00e9mocratique du Congo (RDC) \u00e0 la COP29 a accueilli la Premi\u00e8re Ministre Suminwa Judith, qui a pr\u00e9sent\u00e9 les atouts du pays dans la lutte contre le Changement Climatique. La Ministre de l\u2019Environnement, Eve bazaiba, a rappel\u00e9 les engagements de la RDC face aux d\u00e9fis environnementaux. La Ministre [&hellip;]","og_url":"https:\/\/cooperation.gouv.cd\/dev\/2024\/11\/11\/participation-de-la-rdc-a-la-cop29-engagement-pour-le-climat-et-lenvironnement\/","og_site_name":"Ministre D\u00e9l\u00e9gu\u00e9e En Charge de la Coop\u00e9ration Internationale Et Francophonie","article_publisher":"https:\/\/web.facebook.com\/profile.php?id=100064940047039","article_published_time":"2024-11-11T14:11:11+00:00","article_modified_time":"2025-08-06T15:01:36+00:00","og_image":[{"width":1024,"height":683,"url":"https:\/\/cooperation.gouv.cd\/dev\/wp-content\/uploads\/2024\/11\/image-17-1024x683-1.png","type":"image\/png"}],"author":"Elie Tshingombe","twitter_card":"summary_large_image","twitter_creator":"@BestineKazadi","twitter_site":"@BestineKazadi","twitter_misc":{"\u00c9crit par":"Elie Tshingombe","Dur\u00e9e de lecture estim\u00e9e":"2 minutes"},"schema":{"@context":"https:\/\/schema.org","@graph":[{"@type":"Article","@id":"https:\/\/cooperation.gouv.cd\/dev\/2024\/11\/11\/participation-de-la-rdc-a-la-cop29-engagement-pour-le-climat-et-lenvironnement\/#article","isPartOf":{"@id":"https:\/\/cooperation.gouv.cd\/dev\/2024\/11\/11\/participation-de-la-rdc-a-la-cop29-engagement-pour-le-climat-et-lenvironnement\/"},"author":{"name":"Elie Tshingombe","@id":"https:\/\/cooperation.gouv.cd\/dev\/#\/schema\/person\/2ae9d7c527bf6a3bd84c9908a528632c"},"headline":"Participation de la RDC \u00e0 la COP29 : Engagement pour le Climat et l\u2019Environnement","datePublished":"2024-11-11T14:11:11+00:00","dateModified":"2025-08-06T15:01:36+00:00","mainEntityOfPage":{"@id":"https:\/\/cooperation.gouv.cd\/dev\/2024\/11\/11\/participation-de-la-rdc-a-la-cop29-engagement-pour-le-climat-et-lenvironnement\/"},"wordCount":121,"publisher":{"@id":"https:\/\/cooperation.gouv.cd\/dev\/#organization"},"image":{"@id":"https:\/\/cooperation.gouv.cd\/dev\/2024\/11\/11\/participation-de-la-rdc-a-la-cop29-engagement-pour-le-climat-et-lenvironnement\/#primaryimage"},"thumbnailUrl":"https:\/\/cooperation.gouv.cd\/dev\/wp-content\/uploads\/2024\/11\/image-17-1024x683-1.png","articleSection":["Actualit\u00e9s"],"inLanguage":"fr-FR"},{"@type":"WebPage","@id":"https:\/\/cooperation.gouv.cd\/dev\/2024\/11\/11\/participation-de-la-rdc-a-la-cop29-engagement-pour-le-climat-et-lenvironnement\/","url":"https:\/\/cooperation.gouv.cd\/dev\/2024\/11\/11\/participation-de-la-rdc-a-la-cop29-engagement-pour-le-climat-et-lenvironnement\/","name":"Participation de la RDC \u00e0 la COP29 : Engagement pour le Climat et l\u2019Environnement - Ministre D\u00e9l\u00e9gu\u00e9e En Charge de la Coop\u00e9ration Internationale Et Francophonie","isPartOf":{"@id":"https:\/\/cooperation.gouv.cd\/dev\/#website"},"primaryImageOfPage":{"@id":"https:\/\/cooperation.gouv.cd\/dev\/2024\/11\/11\/participation-de-la-rdc-a-la-cop29-engagement-pour-le-climat-et-lenvironnement\/#primaryimage"},"image":{"@id":"https:\/\/cooperation.gouv.cd\/dev\/2024\/11\/11\/participation-de-la-rdc-a-la-cop29-engagement-pour-le-climat-et-lenvironnement\/#primaryimage"},"thumbnailUrl":"https:\/\/cooperation.gouv.cd\/dev\/wp-content\/uploads\/2024\/11\/image-17-1024x683-1.png","datePublished":"2024-11-11T14:11:11+00:00","dateModified":"2025-08-06T15:01:36+00:00","breadcrumb":{"@id":"https:\/\/cooperation.gouv.cd\/dev\/2024\/11\/11\/participation-de-la-rdc-a-la-cop29-engagement-pour-le-climat-et-lenvironnement\/#breadcrumb"},"inLanguage":"fr-FR","potentialAction":[{"@type":"ReadAction","target":["https:\/\/cooperation.gouv.cd\/dev\/2024\/11\/11\/participation-de-la-rdc-a-la-cop29-engagement-pour-le-climat-et-lenvironnement\/"]}]},{"@type":"ImageObject","inLanguage":"fr-FR","@id":"https:\/\/cooperation.gouv.cd\/dev\/2024\/11\/11\/participation-de-la-rdc-a-la-cop29-engagement-pour-le-climat-et-lenvironnement\/#primaryimage","url":"https:\/\/cooperation.gouv.cd\/dev\/wp-content\/uploads\/2024\/11\/image-17-1024x683-1.png","contentUrl":"https:\/\/cooperation.gouv.cd\/dev\/wp-content\/uploads\/2024\/11\/image-17-1024x683-1.png","width":1024,"height":683},{"@type":"BreadcrumbList","@id":"https:\/\/cooperation.gouv.cd\/dev\/2024\/11\/11\/participation-de-la-rdc-a-la-cop29-engagement-pour-le-climat-et-lenvironnement\/#breadcrumb","itemListElement":[{"@type":"ListItem","position":1,"name":"Accueil","item":"https:\/\/cooperation.gouv.cd\/dev\/"},{"@type":"ListItem","position":2,"name":"Participation de la RDC \u00e0 la COP29 : Engagement pour le Climat et l\u2019Environnement"}]},{"@type":"WebSite","@id":"https:\/\/cooperation.gouv.cd\/dev\/#website","url":"https:\/\/cooperation.gouv.cd\/dev\/","name":"Ministre D\u00e9l\u00e9gu\u00e9e En Charge de la Coop\u00e9ration Internationale Et Francophonie","description":"Portail officiel du Ministre d\u00e9l\u00e9gu\u00e9 en charge de la Coop\u00e9ration internationale et de la Francophonie.","publisher":{"@id":"https:\/\/cooperation.gouv.cd\/dev\/#organization"},"potentialAction":[{"@type":"SearchAction","target":{"@type":"EntryPoint","urlTemplate":"https:\/\/cooperation.gouv.cd\/dev\/?s={search_term_string}"},"query-input":{"@type":"PropertyValueSpecification","valueRequired":true,"valueName":"search_term_string"}}],"inLanguage":"fr-FR"},{"@type":"Organization","@id":"https:\/\/cooperation.gouv.cd\/dev\/#organization","name":"Bestine Kazadi","url":"https:\/\/cooperation.gouv.cd\/dev\/","logo":{"@type":"ImageObject","inLanguage":"fr-FR","@id":"https:\/\/cooperation.gouv.cd\/dev\/#\/schema\/logo\/image\/","url":"https:\/\/cooperation.gouv.cd\/dev\/wp-content\/uploads\/2024\/09\/cropped-logo-2.png","contentUrl":"https:\/\/cooperation.gouv.cd\/dev\/wp-content\/uploads\/2024\/09\/cropped-logo-2.png","width":2499,"height":1166,"caption":"Bestine Kazadi"},"image":{"@id":"https:\/\/cooperation.gouv.cd\/dev\/#\/schema\/logo\/image\/"},"sameAs":["https:\/\/web.facebook.com\/profile.php?id=100064940047039","https:\/\/x.com\/BestineKazadi","https:\/\/www.youtube.com\/@CoopInternEtFrancophonie","https:\/\/www.instagram.com\/bestine_kazadi\/","https:\/\/whatsapp.com\/channel\/0029Vax83N8AojYzbHOjzx05"]},{"@type":"Person","@id":"https:\/\/cooperation.gouv.cd\/dev\/#\/schema\/person\/2ae9d7c527bf6a3bd84c9908a528632c","name":"Elie Tshingombe","image":{"@type":"ImageObject","inLanguage":"fr-FR","@id":"https:\/\/cooperation.gouv.cd\/dev\/#\/schema\/person\/image\/","url":"https:\/\/secure.gravatar.com\/avatar\/6c0799964d475999ae9baf49f3b1d6e7579eff8673327022e40455e31215e0c8?s=96&d=mm&r=g","contentUrl":"https:\/\/secure.gravatar.com\/avatar\/6c0799964d475999ae9baf49f3b1d6e7579eff8673327022e40455e31215e0c8?s=96&d=mm&r=g","caption":"Elie Tshingombe"},"sameAs":["https:\/\/etasite-cd.web.app\/"],"url":"https:\/\/cooperation.gouv.cd\/dev\/author\/eleo7421\/"}]}},"jetpack_featured_media_url":"https:\/\/cooperation.gouv.cd\/dev\/wp-content\/uploads\/2024\/11\/image-17-1024x683-1.png","jetpack_sharing_enabled":true,"_links":{"self":[{"href":"https:\/\/cooperation.gouv.cd\/dev\/wp-json\/wp\/v2\/posts\/1748","targetHints":{"allow":["GET"]}}],"collection":[{"href":"https:\/\/cooperation.gouv.cd\/dev\/wp-json\/wp\/v2\/posts"}],"about":[{"href":"https:\/\/cooperation.gouv.cd\/dev\/wp-json\/wp\/v2\/types\/post"}],"author":[{"embeddable":true,"href":"https:\/\/cooperation.gouv.cd\/dev\/wp-json\/wp\/v2\/users\/2"}],"replies":[{"embeddable":true,"href":"https:\/\/cooperation.gouv.cd\/dev\/wp-json\/wp\/v2\/comments?post=1748"}],"version-history":[{"count":3,"href":"https:\/\/cooperation.gouv.cd\/dev\/wp-json\/wp\/v2\/posts\/1748\/revisions"}],"predecessor-version":[{"id":3614,"href":"https:\/\/cooperation.gouv.cd\/dev\/wp-json\/wp\/v2\/posts\/1748\/revisions\/3614"}],"wp:featuredmedia":[{"embeddable":true,"href":"https:\/\/cooperation.gouv.cd\/dev\/wp-json\/wp\/v2\/media\/3612"}],"wp:attachment":[{"href":"https:\/\/cooperation.gouv.cd\/dev\/wp-json\/wp\/v2\/media?parent=1748"}],"wp:term":[{"taxonomy":"category","embeddable":true,"href":"https:\/\/cooperation.gouv.cd\/dev\/wp-json\/wp\/v2\/categories?post=1748"},{"taxonomy":"post_tag","embeddable":true,"href":"https:\/\/cooperation.gouv.cd\/dev\/wp-json\/wp\/v2\/tags?post=1748"}],"curies":[{"name":"wp","href":"https:\/\/api.w.org\/{rel}","templated":true}]}}