{"id":3398,"date":"2025-05-13T12:54:18","date_gmt":"2025-05-13T10:54:18","guid":{"rendered":"https:\/\/cooperation.gouv.cd\/dev\/?p=3398"},"modified":"2025-05-15T13:02:01","modified_gmt":"2025-05-15T11:02:01","slug":"rencontre-avec-lambassadeur-de-turquie-en-rdc","status":"publish","type":"post","link":"https:\/\/cooperation.gouv.cd\/dev\/2025\/05\/13\/rencontre-avec-lambassadeur-de-turquie-en-rdc\/","title":{"rendered":"Rencontre avec l\u2019Ambassadeur de Turquie\u00a0en\u00a0RDC"},"content":{"rendered":"\n<p>La Ministre d\u00e9l\u00e9gu\u00e9e en charge de la Coop\u00e9ration internationale et Francophonie, Ma\u00eetre Bestine Kazadi, a eu l\u2019honneur d\u2019\u00e9changer, ce 13 mai, avec Son Excellence Monsieur Murat \u00dclk\u00fc, Ambassadeur de la R\u00e9publique de Turquie en R\u00e9publique D\u00e9mocratique du Congo. Cet entretien a port\u00e9 sur les efforts de paix en RDC, ainsi que sur les pr\u00e9paratifs de la prochaine session de la commission mixte RDC\u2013Turquie, qui incarne la volont\u00e9 commune de structurer une coop\u00e9ration bilat\u00e9rale ambitieuse et mutuellement b\u00e9n\u00e9fique.<\/p>\n\n\n\n<p>Cette rencontre a \u00e9t\u00e9 un moment d\u2019\u00e9coute et de dialogue, marqu\u00e9 par une convergence de vues sur l\u2019importance d\u2019un partenariat renforc\u00e9, au service du d\u00e9veloppement durable, de la stabilit\u00e9 r\u00e9gionale et du bien-\u00eatre des populations&nbsp;respectives.<\/p>\n\n\n\n<figure class=\"wp-block-image size-large\"><img decoding=\"async\" src=\"https:\/\/firebasestorage.googleapis.com\/v0\/b\/cooperation-gouv.firebasestorage.app\/o\/2025%2FMai%2Famb%20turquie%2Fminturquie1.jpeg?alt=media&amp;token=02be9ca8-1a70-4ab0-8257-113ce7b1df4b\" alt=\"\"\/><\/figure>\n\n\n\n<figure class=\"wp-block-image size-large\"><img decoding=\"async\" src=\"https:\/\/firebasestorage.googleapis.com\/v0\/b\/cooperation-gouv.firebasestorage.app\/o\/2025%2FMai%2Famb%20turquie%2Fminturquie3.jpeg?alt=media&amp;token=ab772c6b-7484-484a-bb55-0b3922d71908\" alt=\"\"\/><\/figure>\n\n\n\n<p><\/p>\n","protected":false},"excerpt":{"rendered":"<p>La Ministre d\u00e9l\u00e9gu\u00e9e en charge de la Coop\u00e9ration internationale et Francophonie, Ma\u00eetre Bestine Kazadi, a eu l\u2019honneur d\u2019\u00e9changer, ce 13 mai, avec Son Excellence Monsieur Murat \u00dclk\u00fc, Ambassadeur de la R\u00e9publique de Turquie en R\u00e9publique D\u00e9mocratique du Congo. Cet entretien a port\u00e9 sur les efforts de paix en RDC, ainsi que sur les pr\u00e9paratifs de [&hellip;]<\/p>\n","protected":false},"author":2,"featured_media":3426,"comment_status":"closed","ping_status":"open","sticky":false,"template":"","format":"standard","meta":{"_eb_attr":"","_jetpack_memberships_contains_paid_content":false,"footnotes":""},"categories":[6,55],"tags":[],"class_list":["post-3398","post","type-post","status-publish","format-standard","has-post-thumbnail","hentry","category-activites","category-cooperation-avec-la-turquie"],"yoast_head":"<!-- This site is optimized with the Yoast SEO plugin v25.6 - https:\/\/yoast.com\/wordpress\/plugins\/seo\/ -->\n<title>Rencontre avec l\u2019Ambassadeur de Turquie\u00a0en\u00a0RDC - Ministre D\u00e9l\u00e9gu\u00e9e En Charge de la Coop\u00e9ration Internationale Et Francophonie<\/title>\n<meta name=\"robots\" content=\"index, follow, max-snippet:-1, max-image-preview:large, max-video-preview:-1\" \/>\n<link rel=\"canonical\" href=\"https:\/\/cooperation.gouv.cd\/dev\/2025\/05\/13\/rencontre-avec-lambassadeur-de-turquie-en-rdc\/\" \/>\n<meta property=\"og:locale\" content=\"fr_FR\" \/>\n<meta property=\"og:type\" content=\"article\" \/>\n<meta property=\"og:title\" content=\"Rencontre avec l\u2019Ambassadeur de Turquie\u00a0en\u00a0RDC - Ministre D\u00e9l\u00e9gu\u00e9e En Charge de la Coop\u00e9ration Internationale Et Francophonie\" \/>\n<meta property=\"og:description\" content=\"La Ministre d\u00e9l\u00e9gu\u00e9e en charge de la Coop\u00e9ration internationale et Francophonie, Ma\u00eetre Bestine Kazadi, a eu l\u2019honneur d\u2019\u00e9changer, ce 13 mai, avec Son Excellence Monsieur Murat \u00dclk\u00fc, Ambassadeur de la R\u00e9publique de Turquie en R\u00e9publique D\u00e9mocratique du Congo. Cet entretien a port\u00e9 sur les efforts de paix en RDC, ainsi que sur les pr\u00e9paratifs de [&hellip;]\" \/>\n<meta property=\"og:url\" content=\"https:\/\/cooperation.gouv.cd\/dev\/2025\/05\/13\/rencontre-avec-lambassadeur-de-turquie-en-rdc\/\" \/>\n<meta property=\"og:site_name\" content=\"Ministre D\u00e9l\u00e9gu\u00e9e En Charge de la Coop\u00e9ration Internationale Et Francophonie\" \/>\n<meta property=\"article:publisher\" content=\"https:\/\/web.facebook.com\/profile.php?id=100064940047039\" \/>\n<meta property=\"article:published_time\" content=\"2025-05-13T10:54:18+00:00\" \/>\n<meta property=\"article:modified_time\" content=\"2025-05-15T11:02:01+00:00\" \/>\n<meta property=\"og:image\" content=\"https:\/\/cooperation.gouv.cd\/dev\/wp-content\/uploads\/2025\/05\/minturqie2.jpeg\" \/>\n\t<meta property=\"og:image:width\" content=\"1080\" \/>\n\t<meta property=\"og:image:height\" content=\"720\" \/>\n\t<meta property=\"og:image:type\" content=\"image\/jpeg\" \/>\n<meta name=\"author\" content=\"Elie Tshingombe\" \/>\n<meta name=\"twitter:card\" content=\"summary_large_image\" \/>\n<meta name=\"twitter:creator\" content=\"@BestineKazadi\" \/>\n<meta name=\"twitter:site\" content=\"@BestineKazadi\" \/>\n<meta name=\"twitter:label1\" content=\"\u00c9crit par\" \/>\n\t<meta name=\"twitter:data1\" content=\"Elie Tshingombe\" \/>\n\t<meta name=\"twitter:label2\" content=\"Dur\u00e9e de lecture estim\u00e9e\" \/>\n\t<meta name=\"twitter:data2\" content=\"2 minutes\" \/>\n<script type=\"application\/ld+json\" class=\"yoast-schema-graph\">{\"@context\":\"https:\/\/schema.org\",\"@graph\":[{\"@type\":\"Article\",\"@id\":\"https:\/\/cooperation.gouv.cd\/dev\/2025\/05\/13\/rencontre-avec-lambassadeur-de-turquie-en-rdc\/#article\",\"isPartOf\":{\"@id\":\"https:\/\/cooperation.gouv.cd\/dev\/2025\/05\/13\/rencontre-avec-lambassadeur-de-turquie-en-rdc\/\"},\"author\":{\"name\":\"Elie Tshingombe\",\"@id\":\"https:\/\/cooperation.gouv.cd\/dev\/#\/schema\/person\/2ae9d7c527bf6a3bd84c9908a528632c\"},\"headline\":\"Rencontre avec l\u2019Ambassadeur de Turquie\u00a0en\u00a0RDC\",\"datePublished\":\"2025-05-13T10:54:18+00:00\",\"dateModified\":\"2025-05-15T11:02:01+00:00\",\"mainEntityOfPage\":{\"@id\":\"https:\/\/cooperation.gouv.cd\/dev\/2025\/05\/13\/rencontre-avec-lambassadeur-de-turquie-en-rdc\/\"},\"wordCount\":143,\"publisher\":{\"@id\":\"https:\/\/cooperation.gouv.cd\/dev\/#organization\"},\"image\":{\"@id\":\"https:\/\/cooperation.gouv.cd\/dev\/2025\/05\/13\/rencontre-avec-lambassadeur-de-turquie-en-rdc\/#primaryimage\"},\"thumbnailUrl\":\"https:\/\/cooperation.gouv.cd\/dev\/wp-content\/uploads\/2025\/05\/minturqie2.jpeg\",\"articleSection\":[\"Actualit\u00e9s\",\"Coop\u00e9ration avec la Turquie\"],\"inLanguage\":\"fr-FR\"},{\"@type\":\"WebPage\",\"@id\":\"https:\/\/cooperation.gouv.cd\/dev\/2025\/05\/13\/rencontre-avec-lambassadeur-de-turquie-en-rdc\/\",\"url\":\"https:\/\/cooperation.gouv.cd\/dev\/2025\/05\/13\/rencontre-avec-lambassadeur-de-turquie-en-rdc\/\",\"name\":\"Rencontre avec l\u2019Ambassadeur de Turquie\u00a0en\u00a0RDC - Ministre D\u00e9l\u00e9gu\u00e9e En Charge de la Coop\u00e9ration Internationale Et Francophonie\",\"isPartOf\":{\"@id\":\"https:\/\/cooperation.gouv.cd\/dev\/#website\"},\"primaryImageOfPage\":{\"@id\":\"https:\/\/cooperation.gouv.cd\/dev\/2025\/05\/13\/rencontre-avec-lambassadeur-de-turquie-en-rdc\/#primaryimage\"},\"image\":{\"@id\":\"https:\/\/cooperation.gouv.cd\/dev\/2025\/05\/13\/rencontre-avec-lambassadeur-de-turquie-en-rdc\/#primaryimage\"},\"thumbnailUrl\":\"https:\/\/cooperation.gouv.cd\/dev\/wp-content\/uploads\/2025\/05\/minturqie2.jpeg\",\"datePublished\":\"2025-05-13T10:54:18+00:00\",\"dateModified\":\"2025-05-15T11:02:01+00:00\",\"breadcrumb\":{\"@id\":\"https:\/\/cooperation.gouv.cd\/dev\/2025\/05\/13\/rencontre-avec-lambassadeur-de-turquie-en-rdc\/#breadcrumb\"},\"inLanguage\":\"fr-FR\",\"potentialAction\":[{\"@type\":\"ReadAction\",\"target\":[\"https:\/\/cooperation.gouv.cd\/dev\/2025\/05\/13\/rencontre-avec-lambassadeur-de-turquie-en-rdc\/\"]}]},{\"@type\":\"ImageObject\",\"inLanguage\":\"fr-FR\",\"@id\":\"https:\/\/cooperation.gouv.cd\/dev\/2025\/05\/13\/rencontre-avec-lambassadeur-de-turquie-en-rdc\/#primaryimage\",\"url\":\"https:\/\/cooperation.gouv.cd\/dev\/wp-content\/uploads\/2025\/05\/minturqie2.jpeg\",\"contentUrl\":\"https:\/\/cooperation.gouv.cd\/dev\/wp-content\/uploads\/2025\/05\/minturqie2.jpeg\",\"width\":1080,\"height\":720},{\"@type\":\"BreadcrumbList\",\"@id\":\"https:\/\/cooperation.gouv.cd\/dev\/2025\/05\/13\/rencontre-avec-lambassadeur-de-turquie-en-rdc\/#breadcrumb\",\"itemListElement\":[{\"@type\":\"ListItem\",\"position\":1,\"name\":\"Accueil\",\"item\":\"https:\/\/cooperation.gouv.cd\/dev\/\"},{\"@type\":\"ListItem\",\"position\":2,\"name\":\"Rencontre avec l\u2019Ambassadeur de Turquie\u00a0en\u00a0RDC\"}]},{\"@type\":\"WebSite\",\"@id\":\"https:\/\/cooperation.gouv.cd\/dev\/#website\",\"url\":\"https:\/\/cooperation.gouv.cd\/dev\/\",\"name\":\"Ministre D\u00e9l\u00e9gu\u00e9e En Charge de la Coop\u00e9ration Internationale Et Francophonie\",\"description\":\"Portail officiel du Ministre d\u00e9l\u00e9gu\u00e9 en charge de la Coop\u00e9ration internationale et de la Francophonie.\",\"publisher\":{\"@id\":\"https:\/\/cooperation.gouv.cd\/dev\/#organization\"},\"potentialAction\":[{\"@type\":\"SearchAction\",\"target\":{\"@type\":\"EntryPoint\",\"urlTemplate\":\"https:\/\/cooperation.gouv.cd\/dev\/?s={search_term_string}\"},\"query-input\":{\"@type\":\"PropertyValueSpecification\",\"valueRequired\":true,\"valueName\":\"search_term_string\"}}],\"inLanguage\":\"fr-FR\"},{\"@type\":\"Organization\",\"@id\":\"https:\/\/cooperation.gouv.cd\/dev\/#organization\",\"name\":\"Bestine Kazadi\",\"url\":\"https:\/\/cooperation.gouv.cd\/dev\/\",\"logo\":{\"@type\":\"ImageObject\",\"inLanguage\":\"fr-FR\",\"@id\":\"https:\/\/cooperation.gouv.cd\/dev\/#\/schema\/logo\/image\/\",\"url\":\"https:\/\/cooperation.gouv.cd\/dev\/wp-content\/uploads\/2024\/09\/cropped-logo-2.png\",\"contentUrl\":\"https:\/\/cooperation.gouv.cd\/dev\/wp-content\/uploads\/2024\/09\/cropped-logo-2.png\",\"width\":2499,\"height\":1166,\"caption\":\"Bestine Kazadi\"},\"image\":{\"@id\":\"https:\/\/cooperation.gouv.cd\/dev\/#\/schema\/logo\/image\/\"},\"sameAs\":[\"https:\/\/web.facebook.com\/profile.php?id=100064940047039\",\"https:\/\/x.com\/BestineKazadi\",\"https:\/\/www.youtube.com\/@CoopInternEtFrancophonie\",\"https:\/\/www.instagram.com\/bestine_kazadi\/\",\"https:\/\/whatsapp.com\/channel\/0029Vax83N8AojYzbHOjzx05\"]},{\"@type\":\"Person\",\"@id\":\"https:\/\/cooperation.gouv.cd\/dev\/#\/schema\/person\/2ae9d7c527bf6a3bd84c9908a528632c\",\"name\":\"Elie Tshingombe\",\"image\":{\"@type\":\"ImageObject\",\"inLanguage\":\"fr-FR\",\"@id\":\"https:\/\/cooperation.gouv.cd\/dev\/#\/schema\/person\/image\/\",\"url\":\"https:\/\/secure.gravatar.com\/avatar\/6c0799964d475999ae9baf49f3b1d6e7579eff8673327022e40455e31215e0c8?s=96&d=mm&r=g\",\"contentUrl\":\"https:\/\/secure.gravatar.com\/avatar\/6c0799964d475999ae9baf49f3b1d6e7579eff8673327022e40455e31215e0c8?s=96&d=mm&r=g\",\"caption\":\"Elie Tshingombe\"},\"sameAs\":[\"https:\/\/etasite-cd.web.app\/\"],\"url\":\"https:\/\/cooperation.gouv.cd\/dev\/author\/eleo7421\/\"}]}<\/script>\n<!-- \/ Yoast SEO plugin. -->","yoast_head_json":{"title":"Rencontre avec l\u2019Ambassadeur de Turquie\u00a0en\u00a0RDC - Ministre D\u00e9l\u00e9gu\u00e9e En Charge de la Coop\u00e9ration Internationale Et Francophonie","robots":{"index":"index","follow":"follow","max-snippet":"max-snippet:-1","max-image-preview":"max-image-preview:large","max-video-preview":"max-video-preview:-1"},"canonical":"https:\/\/cooperation.gouv.cd\/dev\/2025\/05\/13\/rencontre-avec-lambassadeur-de-turquie-en-rdc\/","og_locale":"fr_FR","og_type":"article","og_title":"Rencontre avec l\u2019Ambassadeur de Turquie\u00a0en\u00a0RDC - Ministre D\u00e9l\u00e9gu\u00e9e En Charge de la Coop\u00e9ration Internationale Et Francophonie","og_description":"La Ministre d\u00e9l\u00e9gu\u00e9e en charge de la Coop\u00e9ration internationale et Francophonie, Ma\u00eetre Bestine Kazadi, a eu l\u2019honneur d\u2019\u00e9changer, ce 13 mai, avec Son Excellence Monsieur Murat \u00dclk\u00fc, Ambassadeur de la R\u00e9publique de Turquie en R\u00e9publique D\u00e9mocratique du Congo. Cet entretien a port\u00e9 sur les efforts de paix en RDC, ainsi que sur les pr\u00e9paratifs de [&hellip;]","og_url":"https:\/\/cooperation.gouv.cd\/dev\/2025\/05\/13\/rencontre-avec-lambassadeur-de-turquie-en-rdc\/","og_site_name":"Ministre D\u00e9l\u00e9gu\u00e9e En Charge de la Coop\u00e9ration Internationale Et Francophonie","article_publisher":"https:\/\/web.facebook.com\/profile.php?id=100064940047039","article_published_time":"2025-05-13T10:54:18+00:00","article_modified_time":"2025-05-15T11:02:01+00:00","og_image":[{"width":1080,"height":720,"url":"https:\/\/cooperation.gouv.cd\/dev\/wp-content\/uploads\/2025\/05\/minturqie2.jpeg","type":"image\/jpeg"}],"author":"Elie Tshingombe","twitter_card":"summary_large_image","twitter_creator":"@BestineKazadi","twitter_site":"@BestineKazadi","twitter_misc":{"\u00c9crit par":"Elie Tshingombe","Dur\u00e9e de lecture estim\u00e9e":"2 minutes"},"schema":{"@context":"https:\/\/schema.org","@graph":[{"@type":"Article","@id":"https:\/\/cooperation.gouv.cd\/dev\/2025\/05\/13\/rencontre-avec-lambassadeur-de-turquie-en-rdc\/#article","isPartOf":{"@id":"https:\/\/cooperation.gouv.cd\/dev\/2025\/05\/13\/rencontre-avec-lambassadeur-de-turquie-en-rdc\/"},"author":{"name":"Elie Tshingombe","@id":"https:\/\/cooperation.gouv.cd\/dev\/#\/schema\/person\/2ae9d7c527bf6a3bd84c9908a528632c"},"headline":"Rencontre avec l\u2019Ambassadeur de Turquie\u00a0en\u00a0RDC","datePublished":"2025-05-13T10:54:18+00:00","dateModified":"2025-05-15T11:02:01+00:00","mainEntityOfPage":{"@id":"https:\/\/cooperation.gouv.cd\/dev\/2025\/05\/13\/rencontre-avec-lambassadeur-de-turquie-en-rdc\/"},"wordCount":143,"publisher":{"@id":"https:\/\/cooperation.gouv.cd\/dev\/#organization"},"image":{"@id":"https:\/\/cooperation.gouv.cd\/dev\/2025\/05\/13\/rencontre-avec-lambassadeur-de-turquie-en-rdc\/#primaryimage"},"thumbnailUrl":"https:\/\/cooperation.gouv.cd\/dev\/wp-content\/uploads\/2025\/05\/minturqie2.jpeg","articleSection":["Actualit\u00e9s","Coop\u00e9ration avec la Turquie"],"inLanguage":"fr-FR"},{"@type":"WebPage","@id":"https:\/\/cooperation.gouv.cd\/dev\/2025\/05\/13\/rencontre-avec-lambassadeur-de-turquie-en-rdc\/","url":"https:\/\/cooperation.gouv.cd\/dev\/2025\/05\/13\/rencontre-avec-lambassadeur-de-turquie-en-rdc\/","name":"Rencontre avec l\u2019Ambassadeur de Turquie\u00a0en\u00a0RDC - Ministre D\u00e9l\u00e9gu\u00e9e En Charge de la Coop\u00e9ration Internationale Et Francophonie","isPartOf":{"@id":"https:\/\/cooperation.gouv.cd\/dev\/#website"},"primaryImageOfPage":{"@id":"https:\/\/cooperation.gouv.cd\/dev\/2025\/05\/13\/rencontre-avec-lambassadeur-de-turquie-en-rdc\/#primaryimage"},"image":{"@id":"https:\/\/cooperation.gouv.cd\/dev\/2025\/05\/13\/rencontre-avec-lambassadeur-de-turquie-en-rdc\/#primaryimage"},"thumbnailUrl":"https:\/\/cooperation.gouv.cd\/dev\/wp-content\/uploads\/2025\/05\/minturqie2.jpeg","datePublished":"2025-05-13T10:54:18+00:00","dateModified":"2025-05-15T11:02:01+00:00","breadcrumb":{"@id":"https:\/\/cooperation.gouv.cd\/dev\/2025\/05\/13\/rencontre-avec-lambassadeur-de-turquie-en-rdc\/#breadcrumb"},"inLanguage":"fr-FR","potentialAction":[{"@type":"ReadAction","target":["https:\/\/cooperation.gouv.cd\/dev\/2025\/05\/13\/rencontre-avec-lambassadeur-de-turquie-en-rdc\/"]}]},{"@type":"ImageObject","inLanguage":"fr-FR","@id":"https:\/\/cooperation.gouv.cd\/dev\/2025\/05\/13\/rencontre-avec-lambassadeur-de-turquie-en-rdc\/#primaryimage","url":"https:\/\/cooperation.gouv.cd\/dev\/wp-content\/uploads\/2025\/05\/minturqie2.jpeg","contentUrl":"https:\/\/cooperation.gouv.cd\/dev\/wp-content\/uploads\/2025\/05\/minturqie2.jpeg","width":1080,"height":720},{"@type":"BreadcrumbList","@id":"https:\/\/cooperation.gouv.cd\/dev\/2025\/05\/13\/rencontre-avec-lambassadeur-de-turquie-en-rdc\/#breadcrumb","itemListElement":[{"@type":"ListItem","position":1,"name":"Accueil","item":"https:\/\/cooperation.gouv.cd\/dev\/"},{"@type":"ListItem","position":2,"name":"Rencontre avec l\u2019Ambassadeur de Turquie\u00a0en\u00a0RDC"}]},{"@type":"WebSite","@id":"https:\/\/cooperation.gouv.cd\/dev\/#website","url":"https:\/\/cooperation.gouv.cd\/dev\/","name":"Ministre D\u00e9l\u00e9gu\u00e9e En Charge de la Coop\u00e9ration Internationale Et Francophonie","description":"Portail officiel du Ministre d\u00e9l\u00e9gu\u00e9 en charge de la Coop\u00e9ration internationale et de la Francophonie.","publisher":{"@id":"https:\/\/cooperation.gouv.cd\/dev\/#organization"},"potentialAction":[{"@type":"SearchAction","target":{"@type":"EntryPoint","urlTemplate":"https:\/\/cooperation.gouv.cd\/dev\/?s={search_term_string}"},"query-input":{"@type":"PropertyValueSpecification","valueRequired":true,"valueName":"search_term_string"}}],"inLanguage":"fr-FR"},{"@type":"Organization","@id":"https:\/\/cooperation.gouv.cd\/dev\/#organization","name":"Bestine Kazadi","url":"https:\/\/cooperation.gouv.cd\/dev\/","logo":{"@type":"ImageObject","inLanguage":"fr-FR","@id":"https:\/\/cooperation.gouv.cd\/dev\/#\/schema\/logo\/image\/","url":"https:\/\/cooperation.gouv.cd\/dev\/wp-content\/uploads\/2024\/09\/cropped-logo-2.png","contentUrl":"https:\/\/cooperation.gouv.cd\/dev\/wp-content\/uploads\/2024\/09\/cropped-logo-2.png","width":2499,"height":1166,"caption":"Bestine Kazadi"},"image":{"@id":"https:\/\/cooperation.gouv.cd\/dev\/#\/schema\/logo\/image\/"},"sameAs":["https:\/\/web.facebook.com\/profile.php?id=100064940047039","https:\/\/x.com\/BestineKazadi","https:\/\/www.youtube.com\/@CoopInternEtFrancophonie","https:\/\/www.instagram.com\/bestine_kazadi\/","https:\/\/whatsapp.com\/channel\/0029Vax83N8AojYzbHOjzx05"]},{"@type":"Person","@id":"https:\/\/cooperation.gouv.cd\/dev\/#\/schema\/person\/2ae9d7c527bf6a3bd84c9908a528632c","name":"Elie Tshingombe","image":{"@type":"ImageObject","inLanguage":"fr-FR","@id":"https:\/\/cooperation.gouv.cd\/dev\/#\/schema\/person\/image\/","url":"https:\/\/secure.gravatar.com\/avatar\/6c0799964d475999ae9baf49f3b1d6e7579eff8673327022e40455e31215e0c8?s=96&d=mm&r=g","contentUrl":"https:\/\/secure.gravatar.com\/avatar\/6c0799964d475999ae9baf49f3b1d6e7579eff8673327022e40455e31215e0c8?s=96&d=mm&r=g","caption":"Elie Tshingombe"},"sameAs":["https:\/\/etasite-cd.web.app\/"],"url":"https:\/\/cooperation.gouv.cd\/dev\/author\/eleo7421\/"}]}},"jetpack_featured_media_url":"https:\/\/cooperation.gouv.cd\/dev\/wp-content\/uploads\/2025\/05\/minturqie2.jpeg","jetpack_sharing_enabled":true,"_links":{"self":[{"href":"https:\/\/cooperation.gouv.cd\/dev\/wp-json\/wp\/v2\/posts\/3398","targetHints":{"allow":["GET"]}}],"collection":[{"href":"https:\/\/cooperation.gouv.cd\/dev\/wp-json\/wp\/v2\/posts"}],"about":[{"href":"https:\/\/cooperation.gouv.cd\/dev\/wp-json\/wp\/v2\/types\/post"}],"author":[{"embeddable":true,"href":"https:\/\/cooperation.gouv.cd\/dev\/wp-json\/wp\/v2\/users\/2"}],"replies":[{"embeddable":true,"href":"https:\/\/cooperation.gouv.cd\/dev\/wp-json\/wp\/v2\/comments?post=3398"}],"version-history":[{"count":1,"href":"https:\/\/cooperation.gouv.cd\/dev\/wp-json\/wp\/v2\/posts\/3398\/revisions"}],"predecessor-version":[{"id":3427,"href":"https:\/\/cooperation.gouv.cd\/dev\/wp-json\/wp\/v2\/posts\/3398\/revisions\/3427"}],"wp:featuredmedia":[{"embeddable":true,"href":"https:\/\/cooperation.gouv.cd\/dev\/wp-json\/wp\/v2\/media\/3426"}],"wp:attachment":[{"href":"https:\/\/cooperation.gouv.cd\/dev\/wp-json\/wp\/v2\/media?parent=3398"}],"wp:term":[{"taxonomy":"category","embeddable":true,"href":"https:\/\/cooperation.gouv.cd\/dev\/wp-json\/wp\/v2\/categories?post=3398"},{"taxonomy":"post_tag","embeddable":true,"href":"https:\/\/cooperation.gouv.cd\/dev\/wp-json\/wp\/v2\/tags?post=3398"}],"curies":[{"name":"wp","href":"https:\/\/api.w.org\/{rel}","templated":true}]}}