{"id":501,"date":"2024-09-11T21:00:55","date_gmt":"2024-09-11T19:00:55","guid":{"rendered":"https:\/\/cooperation.gouv.cd\/dev\/?p=501"},"modified":"2024-10-11T04:27:33","modified_gmt":"2024-10-11T02:27:33","slug":"renforcement-des-relations-bilaterales-audience-entre-la-ministre-kadazi-ditabala-et-lambassadeur-indien-a-kinshasa","status":"publish","type":"post","link":"https:\/\/cooperation.gouv.cd\/dev\/2024\/09\/11\/renforcement-des-relations-bilaterales-audience-entre-la-ministre-kadazi-ditabala-et-lambassadeur-indien-a-kinshasa\/","title":{"rendered":"Audience avec l&rsquo;Ambassadeur Indien \u00e0 Kinshasa"},"content":{"rendered":"\n<p>Son Excellence Madame la Ministre D\u00e9l\u00e9gu\u00e9e en charge de la Coop\u00e9ration Internationale et de la Francophonie, Ma\u00eetre Bestine KAZADI DITABALA, a accord\u00e9, ce mercredi 11 septembre 2024, \u00e0 son Cabinet de travail, une audience \u00e0 Monsieur Drouv MITAL, Charg\u00e9 d\u2019Affaires \u00e0 l\u2019Ambassade de l\u2019Inde en R\u00e9publique D\u00e9mocratique du Congo.<\/p>\n\n\n\n<figure class=\"wp-block-image size-large\"><img fetchpriority=\"high\" decoding=\"async\" width=\"1024\" height=\"682\" src=\"https:\/\/cooperation.gouv.cd\/dev\/wp-content\/uploads\/2024\/09\/IMG-20240927-WA0008-1024x682.jpg\" alt=\"\" class=\"wp-image-504\" srcset=\"https:\/\/cooperation.gouv.cd\/dev\/wp-content\/uploads\/2024\/09\/IMG-20240927-WA0008-1024x682.jpg 1024w, https:\/\/cooperation.gouv.cd\/dev\/wp-content\/uploads\/2024\/09\/IMG-20240927-WA0008-300x200.jpg 300w, https:\/\/cooperation.gouv.cd\/dev\/wp-content\/uploads\/2024\/09\/IMG-20240927-WA0008-768x512.jpg 768w, https:\/\/cooperation.gouv.cd\/dev\/wp-content\/uploads\/2024\/09\/IMG-20240927-WA0008-1536x1023.jpg 1536w, https:\/\/cooperation.gouv.cd\/dev\/wp-content\/uploads\/2024\/09\/IMG-20240927-WA0008.jpg 1600w\" sizes=\"(max-width: 1024px) 100vw, 1024px\" \/><\/figure>\n\n\n\n<p>La RDC et l\u2019Inde entretiennent des relations bilat\u00e9rales remarquables. Les relations diplomatiques ont \u00e9t\u00e9 \u00e9tablies d\u00e8s le d\u00e9but des ann\u00e9es 1960. L\u2019ambassade de l\u2019Inde a ouvert \u00e0 Kinshasa en 1962. Les \u00e9changes commerciaux se sont significativement d\u00e9velopp\u00e9s entre les deux pays. Ils ont rapidement progress\u00e9 et plus que doubl\u00e9 entre 2018-2019 et 2022-2023, passant de 321 millions USD \u00e0 845 millions USD.<\/p>\n\n\n\n<p>Cette \u00e9volution fulgurante positionne l\u2019Inde comme l\u2019un des principaux partenaires commerciaux de la RDC, apr\u00e8s la Chine et d&rsquo;autres pays.<\/p>\n\n\n\n<p>Le portefeuille des \u00e9changes est constitu\u00e9, pour la RDC, des exportations de m\u00e9taux (cuivre), de combustibles min\u00e9raux, d\u2019huiles min\u00e9rales, de pierres pr\u00e9cieuses ou semi-pr\u00e9cieuses, et de grandes ol\u00e9agineuses. Pour l\u2019Inde, les exportations incluent des produits pharmaceutiques, des v\u00e9hicules, des machines et \u00e9quipements \u00e9lectriques, des r\u00e9acteurs et chaudi\u00e8res, ainsi que des produits sid\u00e9rurgiques, etc.<\/p>\n\n\n\n<p>Il est \u00e0 noter que les investissements directs indiens en RDC figurent dans le top 5 au cours des cinq derni\u00e8res ann\u00e9es (2019-2023). De plus, l\u2019Inde est devenue, durant les deux derni\u00e8res d\u00e9cennies, l&rsquo;une des principales destinations des patients et \u00e9tudiants congolais.<\/p>\n\n\n\n<p>Lors de cette audience, plusieurs points relatifs \u00e0 la coop\u00e9ration bilat\u00e9rale entre la RDC et l\u2019Inde ont \u00e9t\u00e9 abord\u00e9s, notamment :<\/p>\n\n\n\n<ul class=\"wp-block-list\">\n<li>Les principaux projets en cours entre les deux pays ;<\/li>\n\n\n\n<li>Les diff\u00e9rents projets \u00e0 venir, dont la convocation future de la commission mixte RDC-Inde, la venue du nouvel ambassadeur de l\u2019Inde en RDC, le forum India Africa Business Conclave\u2026<\/li>\n\n\n\n<li>Les pistes de solutions pour la mise en \u0153uvre d\u2019une coop\u00e9ration entre les deux pays toujours plus efficace et productive.<\/li>\n<\/ul>\n\n\n\n<p>Son Excellence Madame la Ministre D\u00e9l\u00e9gu\u00e9e en charge de la Coop\u00e9ration Internationale et de la Francophonie a saisi l\u2019occasion de cette rencontre pour faire part de la nouvelle vision du Gouvernement sur une coop\u00e9ration plus efficace qui r\u00e9pond mieux aux besoins de la population. Les deux parties se sont donc accord\u00e9es \u00e0 continuer de d\u00e9velopper une coop\u00e9ration \u00e9conomique, ax\u00e9e sur la promotion des investissements dans les secteurs de l\u2019agriculture, de l\u2019enseignement universitaire et des technologies.<\/p>\n\n\n\n<p>Deux projets de protocoles d\u2019accord en mati\u00e8re d\u2019agriculture et de technologie sont en \u00e9tude au niveau sectoriel pour une signature tr\u00e8s proche.<\/p>\n\n\n\n<p>Des \u00e9changes chaleureux et productifs qui ont confirm\u00e9 la volont\u00e9 des deux pays de continuer \u00e0 resserrer leurs relations et leur partenariat.<\/p>\n\n\n\n<figure class=\"wp-block-image size-large\"><img decoding=\"async\" width=\"1024\" height=\"682\" src=\"https:\/\/cooperation.gouv.cd\/dev\/wp-content\/uploads\/2024\/09\/IMG-20240927-WA0021-1024x682.jpg\" alt=\"\" class=\"wp-image-503\" srcset=\"https:\/\/cooperation.gouv.cd\/dev\/wp-content\/uploads\/2024\/09\/IMG-20240927-WA0021-1024x682.jpg 1024w, https:\/\/cooperation.gouv.cd\/dev\/wp-content\/uploads\/2024\/09\/IMG-20240927-WA0021-300x200.jpg 300w, https:\/\/cooperation.gouv.cd\/dev\/wp-content\/uploads\/2024\/09\/IMG-20240927-WA0021-768x512.jpg 768w, https:\/\/cooperation.gouv.cd\/dev\/wp-content\/uploads\/2024\/09\/IMG-20240927-WA0021-1536x1023.jpg 1536w, https:\/\/cooperation.gouv.cd\/dev\/wp-content\/uploads\/2024\/09\/IMG-20240927-WA0021.jpg 1600w\" sizes=\"(max-width: 1024px) 100vw, 1024px\" \/><\/figure>\n\n\n\n<p><\/p>\n","protected":false},"excerpt":{"rendered":"<p>Son Excellence Madame la Ministre D\u00e9l\u00e9gu\u00e9e en charge de la Coop\u00e9ration Internationale et de la Francophonie, Ma\u00eetre Bestine KAZADI DITABALA, a accord\u00e9, ce mercredi 11 septembre 2024, \u00e0 son Cabinet de travail, une audience \u00e0 Monsieur Drouv MITAL, Charg\u00e9 d\u2019Affaires \u00e0 l\u2019Ambassade de l\u2019Inde en R\u00e9publique D\u00e9mocratique du Congo. La RDC et l\u2019Inde entretiennent des [&hellip;]<\/p>\n","protected":false},"author":2,"featured_media":502,"comment_status":"closed","ping_status":"open","sticky":false,"template":"","format":"standard","meta":{"_eb_attr":"","_jetpack_memberships_contains_paid_content":false,"footnotes":""},"categories":[6,19],"tags":[],"class_list":["post-501","post","type-post","status-publish","format-standard","has-post-thumbnail","hentry","category-activites","category-cooperation-inde"],"yoast_head":"<!-- This site is optimized with the Yoast SEO plugin v25.6 - https:\/\/yoast.com\/wordpress\/plugins\/seo\/ -->\n<title>Audience avec l&#039;Ambassadeur Indien \u00e0 Kinshasa - Ministre D\u00e9l\u00e9gu\u00e9e En Charge de la Coop\u00e9ration Internationale Et Francophonie<\/title>\n<meta name=\"robots\" content=\"index, follow, max-snippet:-1, max-image-preview:large, max-video-preview:-1\" \/>\n<link rel=\"canonical\" href=\"https:\/\/cooperation.gouv.cd\/dev\/2024\/09\/11\/renforcement-des-relations-bilaterales-audience-entre-la-ministre-kadazi-ditabala-et-lambassadeur-indien-a-kinshasa\/\" \/>\n<meta property=\"og:locale\" content=\"fr_FR\" \/>\n<meta property=\"og:type\" content=\"article\" \/>\n<meta property=\"og:title\" content=\"Audience avec l&#039;Ambassadeur Indien \u00e0 Kinshasa - Ministre D\u00e9l\u00e9gu\u00e9e En Charge de la Coop\u00e9ration Internationale Et Francophonie\" \/>\n<meta property=\"og:description\" content=\"Son Excellence Madame la Ministre D\u00e9l\u00e9gu\u00e9e en charge de la Coop\u00e9ration Internationale et de la Francophonie, Ma\u00eetre Bestine KAZADI DITABALA, a accord\u00e9, ce mercredi 11 septembre 2024, \u00e0 son Cabinet de travail, une audience \u00e0 Monsieur Drouv MITAL, Charg\u00e9 d\u2019Affaires \u00e0 l\u2019Ambassade de l\u2019Inde en R\u00e9publique D\u00e9mocratique du Congo. La RDC et l\u2019Inde entretiennent des [&hellip;]\" \/>\n<meta property=\"og:url\" content=\"https:\/\/cooperation.gouv.cd\/dev\/2024\/09\/11\/renforcement-des-relations-bilaterales-audience-entre-la-ministre-kadazi-ditabala-et-lambassadeur-indien-a-kinshasa\/\" \/>\n<meta property=\"og:site_name\" content=\"Ministre D\u00e9l\u00e9gu\u00e9e En Charge de la Coop\u00e9ration Internationale Et Francophonie\" \/>\n<meta property=\"article:publisher\" content=\"https:\/\/web.facebook.com\/profile.php?id=100064940047039\" \/>\n<meta property=\"article:published_time\" content=\"2024-09-11T19:00:55+00:00\" \/>\n<meta property=\"article:modified_time\" content=\"2024-10-11T02:27:33+00:00\" \/>\n<meta property=\"og:image\" content=\"https:\/\/cooperation.gouv.cd\/dev\/wp-content\/uploads\/2024\/09\/IMG-20240927-WA0018.jpg\" \/>\n\t<meta property=\"og:image:width\" content=\"1600\" \/>\n\t<meta property=\"og:image:height\" content=\"1066\" \/>\n\t<meta property=\"og:image:type\" content=\"image\/jpeg\" \/>\n<meta name=\"author\" content=\"Elie Tshingombe\" \/>\n<meta name=\"twitter:card\" content=\"summary_large_image\" \/>\n<meta name=\"twitter:creator\" content=\"@BestineKazadi\" \/>\n<meta name=\"twitter:site\" content=\"@BestineKazadi\" \/>\n<meta name=\"twitter:label1\" content=\"\u00c9crit par\" \/>\n\t<meta name=\"twitter:data1\" content=\"Elie Tshingombe\" \/>\n\t<meta name=\"twitter:label2\" content=\"Dur\u00e9e de lecture estim\u00e9e\" \/>\n\t<meta name=\"twitter:data2\" content=\"2 minutes\" \/>\n<script type=\"application\/ld+json\" class=\"yoast-schema-graph\">{\"@context\":\"https:\/\/schema.org\",\"@graph\":[{\"@type\":\"Article\",\"@id\":\"https:\/\/cooperation.gouv.cd\/dev\/2024\/09\/11\/renforcement-des-relations-bilaterales-audience-entre-la-ministre-kadazi-ditabala-et-lambassadeur-indien-a-kinshasa\/#article\",\"isPartOf\":{\"@id\":\"https:\/\/cooperation.gouv.cd\/dev\/2024\/09\/11\/renforcement-des-relations-bilaterales-audience-entre-la-ministre-kadazi-ditabala-et-lambassadeur-indien-a-kinshasa\/\"},\"author\":{\"name\":\"Elie Tshingombe\",\"@id\":\"https:\/\/cooperation.gouv.cd\/dev\/#\/schema\/person\/2ae9d7c527bf6a3bd84c9908a528632c\"},\"headline\":\"Audience avec l&rsquo;Ambassadeur Indien \u00e0 Kinshasa\",\"datePublished\":\"2024-09-11T19:00:55+00:00\",\"dateModified\":\"2024-10-11T02:27:33+00:00\",\"mainEntityOfPage\":{\"@id\":\"https:\/\/cooperation.gouv.cd\/dev\/2024\/09\/11\/renforcement-des-relations-bilaterales-audience-entre-la-ministre-kadazi-ditabala-et-lambassadeur-indien-a-kinshasa\/\"},\"wordCount\":478,\"publisher\":{\"@id\":\"https:\/\/cooperation.gouv.cd\/dev\/#organization\"},\"image\":{\"@id\":\"https:\/\/cooperation.gouv.cd\/dev\/2024\/09\/11\/renforcement-des-relations-bilaterales-audience-entre-la-ministre-kadazi-ditabala-et-lambassadeur-indien-a-kinshasa\/#primaryimage\"},\"thumbnailUrl\":\"https:\/\/cooperation.gouv.cd\/dev\/wp-content\/uploads\/2024\/09\/IMG-20240927-WA0018.jpg\",\"articleSection\":[\"Actualit\u00e9s\",\"Coop\u00e9ration Inde\"],\"inLanguage\":\"fr-FR\"},{\"@type\":\"WebPage\",\"@id\":\"https:\/\/cooperation.gouv.cd\/dev\/2024\/09\/11\/renforcement-des-relations-bilaterales-audience-entre-la-ministre-kadazi-ditabala-et-lambassadeur-indien-a-kinshasa\/\",\"url\":\"https:\/\/cooperation.gouv.cd\/dev\/2024\/09\/11\/renforcement-des-relations-bilaterales-audience-entre-la-ministre-kadazi-ditabala-et-lambassadeur-indien-a-kinshasa\/\",\"name\":\"Audience avec l'Ambassadeur Indien \u00e0 Kinshasa - Ministre D\u00e9l\u00e9gu\u00e9e En Charge de la Coop\u00e9ration Internationale Et Francophonie\",\"isPartOf\":{\"@id\":\"https:\/\/cooperation.gouv.cd\/dev\/#website\"},\"primaryImageOfPage\":{\"@id\":\"https:\/\/cooperation.gouv.cd\/dev\/2024\/09\/11\/renforcement-des-relations-bilaterales-audience-entre-la-ministre-kadazi-ditabala-et-lambassadeur-indien-a-kinshasa\/#primaryimage\"},\"image\":{\"@id\":\"https:\/\/cooperation.gouv.cd\/dev\/2024\/09\/11\/renforcement-des-relations-bilaterales-audience-entre-la-ministre-kadazi-ditabala-et-lambassadeur-indien-a-kinshasa\/#primaryimage\"},\"thumbnailUrl\":\"https:\/\/cooperation.gouv.cd\/dev\/wp-content\/uploads\/2024\/09\/IMG-20240927-WA0018.jpg\",\"datePublished\":\"2024-09-11T19:00:55+00:00\",\"dateModified\":\"2024-10-11T02:27:33+00:00\",\"breadcrumb\":{\"@id\":\"https:\/\/cooperation.gouv.cd\/dev\/2024\/09\/11\/renforcement-des-relations-bilaterales-audience-entre-la-ministre-kadazi-ditabala-et-lambassadeur-indien-a-kinshasa\/#breadcrumb\"},\"inLanguage\":\"fr-FR\",\"potentialAction\":[{\"@type\":\"ReadAction\",\"target\":[\"https:\/\/cooperation.gouv.cd\/dev\/2024\/09\/11\/renforcement-des-relations-bilaterales-audience-entre-la-ministre-kadazi-ditabala-et-lambassadeur-indien-a-kinshasa\/\"]}]},{\"@type\":\"ImageObject\",\"inLanguage\":\"fr-FR\",\"@id\":\"https:\/\/cooperation.gouv.cd\/dev\/2024\/09\/11\/renforcement-des-relations-bilaterales-audience-entre-la-ministre-kadazi-ditabala-et-lambassadeur-indien-a-kinshasa\/#primaryimage\",\"url\":\"https:\/\/cooperation.gouv.cd\/dev\/wp-content\/uploads\/2024\/09\/IMG-20240927-WA0018.jpg\",\"contentUrl\":\"https:\/\/cooperation.gouv.cd\/dev\/wp-content\/uploads\/2024\/09\/IMG-20240927-WA0018.jpg\",\"width\":1600,\"height\":1066},{\"@type\":\"BreadcrumbList\",\"@id\":\"https:\/\/cooperation.gouv.cd\/dev\/2024\/09\/11\/renforcement-des-relations-bilaterales-audience-entre-la-ministre-kadazi-ditabala-et-lambassadeur-indien-a-kinshasa\/#breadcrumb\",\"itemListElement\":[{\"@type\":\"ListItem\",\"position\":1,\"name\":\"Accueil\",\"item\":\"https:\/\/cooperation.gouv.cd\/dev\/\"},{\"@type\":\"ListItem\",\"position\":2,\"name\":\"Audience avec l&rsquo;Ambassadeur Indien \u00e0 Kinshasa\"}]},{\"@type\":\"WebSite\",\"@id\":\"https:\/\/cooperation.gouv.cd\/dev\/#website\",\"url\":\"https:\/\/cooperation.gouv.cd\/dev\/\",\"name\":\"Ministre D\u00e9l\u00e9gu\u00e9e En Charge de la Coop\u00e9ration Internationale Et Francophonie\",\"description\":\"Portail officiel du Ministre d\u00e9l\u00e9gu\u00e9 en charge de la Coop\u00e9ration internationale et de la Francophonie.\",\"publisher\":{\"@id\":\"https:\/\/cooperation.gouv.cd\/dev\/#organization\"},\"potentialAction\":[{\"@type\":\"SearchAction\",\"target\":{\"@type\":\"EntryPoint\",\"urlTemplate\":\"https:\/\/cooperation.gouv.cd\/dev\/?s={search_term_string}\"},\"query-input\":{\"@type\":\"PropertyValueSpecification\",\"valueRequired\":true,\"valueName\":\"search_term_string\"}}],\"inLanguage\":\"fr-FR\"},{\"@type\":\"Organization\",\"@id\":\"https:\/\/cooperation.gouv.cd\/dev\/#organization\",\"name\":\"Bestine Kazadi\",\"url\":\"https:\/\/cooperation.gouv.cd\/dev\/\",\"logo\":{\"@type\":\"ImageObject\",\"inLanguage\":\"fr-FR\",\"@id\":\"https:\/\/cooperation.gouv.cd\/dev\/#\/schema\/logo\/image\/\",\"url\":\"https:\/\/cooperation.gouv.cd\/dev\/wp-content\/uploads\/2024\/09\/cropped-logo-2.png\",\"contentUrl\":\"https:\/\/cooperation.gouv.cd\/dev\/wp-content\/uploads\/2024\/09\/cropped-logo-2.png\",\"width\":2499,\"height\":1166,\"caption\":\"Bestine Kazadi\"},\"image\":{\"@id\":\"https:\/\/cooperation.gouv.cd\/dev\/#\/schema\/logo\/image\/\"},\"sameAs\":[\"https:\/\/web.facebook.com\/profile.php?id=100064940047039\",\"https:\/\/x.com\/BestineKazadi\",\"https:\/\/www.youtube.com\/@CoopInternEtFrancophonie\",\"https:\/\/www.instagram.com\/bestine_kazadi\/\",\"https:\/\/whatsapp.com\/channel\/0029Vax83N8AojYzbHOjzx05\"]},{\"@type\":\"Person\",\"@id\":\"https:\/\/cooperation.gouv.cd\/dev\/#\/schema\/person\/2ae9d7c527bf6a3bd84c9908a528632c\",\"name\":\"Elie Tshingombe\",\"image\":{\"@type\":\"ImageObject\",\"inLanguage\":\"fr-FR\",\"@id\":\"https:\/\/cooperation.gouv.cd\/dev\/#\/schema\/person\/image\/\",\"url\":\"https:\/\/secure.gravatar.com\/avatar\/6c0799964d475999ae9baf49f3b1d6e7579eff8673327022e40455e31215e0c8?s=96&d=mm&r=g\",\"contentUrl\":\"https:\/\/secure.gravatar.com\/avatar\/6c0799964d475999ae9baf49f3b1d6e7579eff8673327022e40455e31215e0c8?s=96&d=mm&r=g\",\"caption\":\"Elie Tshingombe\"},\"sameAs\":[\"https:\/\/etasite-cd.web.app\/\"],\"url\":\"https:\/\/cooperation.gouv.cd\/dev\/author\/eleo7421\/\"}]}<\/script>\n<!-- \/ Yoast SEO plugin. -->","yoast_head_json":{"title":"Audience avec l'Ambassadeur Indien \u00e0 Kinshasa - Ministre D\u00e9l\u00e9gu\u00e9e En Charge de la Coop\u00e9ration Internationale Et Francophonie","robots":{"index":"index","follow":"follow","max-snippet":"max-snippet:-1","max-image-preview":"max-image-preview:large","max-video-preview":"max-video-preview:-1"},"canonical":"https:\/\/cooperation.gouv.cd\/dev\/2024\/09\/11\/renforcement-des-relations-bilaterales-audience-entre-la-ministre-kadazi-ditabala-et-lambassadeur-indien-a-kinshasa\/","og_locale":"fr_FR","og_type":"article","og_title":"Audience avec l'Ambassadeur Indien \u00e0 Kinshasa - Ministre D\u00e9l\u00e9gu\u00e9e En Charge de la Coop\u00e9ration Internationale Et Francophonie","og_description":"Son Excellence Madame la Ministre D\u00e9l\u00e9gu\u00e9e en charge de la Coop\u00e9ration Internationale et de la Francophonie, Ma\u00eetre Bestine KAZADI DITABALA, a accord\u00e9, ce mercredi 11 septembre 2024, \u00e0 son Cabinet de travail, une audience \u00e0 Monsieur Drouv MITAL, Charg\u00e9 d\u2019Affaires \u00e0 l\u2019Ambassade de l\u2019Inde en R\u00e9publique D\u00e9mocratique du Congo. La RDC et l\u2019Inde entretiennent des [&hellip;]","og_url":"https:\/\/cooperation.gouv.cd\/dev\/2024\/09\/11\/renforcement-des-relations-bilaterales-audience-entre-la-ministre-kadazi-ditabala-et-lambassadeur-indien-a-kinshasa\/","og_site_name":"Ministre D\u00e9l\u00e9gu\u00e9e En Charge de la Coop\u00e9ration Internationale Et Francophonie","article_publisher":"https:\/\/web.facebook.com\/profile.php?id=100064940047039","article_published_time":"2024-09-11T19:00:55+00:00","article_modified_time":"2024-10-11T02:27:33+00:00","og_image":[{"width":1600,"height":1066,"url":"https:\/\/cooperation.gouv.cd\/dev\/wp-content\/uploads\/2024\/09\/IMG-20240927-WA0018.jpg","type":"image\/jpeg"}],"author":"Elie Tshingombe","twitter_card":"summary_large_image","twitter_creator":"@BestineKazadi","twitter_site":"@BestineKazadi","twitter_misc":{"\u00c9crit par":"Elie Tshingombe","Dur\u00e9e de lecture estim\u00e9e":"2 minutes"},"schema":{"@context":"https:\/\/schema.org","@graph":[{"@type":"Article","@id":"https:\/\/cooperation.gouv.cd\/dev\/2024\/09\/11\/renforcement-des-relations-bilaterales-audience-entre-la-ministre-kadazi-ditabala-et-lambassadeur-indien-a-kinshasa\/#article","isPartOf":{"@id":"https:\/\/cooperation.gouv.cd\/dev\/2024\/09\/11\/renforcement-des-relations-bilaterales-audience-entre-la-ministre-kadazi-ditabala-et-lambassadeur-indien-a-kinshasa\/"},"author":{"name":"Elie Tshingombe","@id":"https:\/\/cooperation.gouv.cd\/dev\/#\/schema\/person\/2ae9d7c527bf6a3bd84c9908a528632c"},"headline":"Audience avec l&rsquo;Ambassadeur Indien \u00e0 Kinshasa","datePublished":"2024-09-11T19:00:55+00:00","dateModified":"2024-10-11T02:27:33+00:00","mainEntityOfPage":{"@id":"https:\/\/cooperation.gouv.cd\/dev\/2024\/09\/11\/renforcement-des-relations-bilaterales-audience-entre-la-ministre-kadazi-ditabala-et-lambassadeur-indien-a-kinshasa\/"},"wordCount":478,"publisher":{"@id":"https:\/\/cooperation.gouv.cd\/dev\/#organization"},"image":{"@id":"https:\/\/cooperation.gouv.cd\/dev\/2024\/09\/11\/renforcement-des-relations-bilaterales-audience-entre-la-ministre-kadazi-ditabala-et-lambassadeur-indien-a-kinshasa\/#primaryimage"},"thumbnailUrl":"https:\/\/cooperation.gouv.cd\/dev\/wp-content\/uploads\/2024\/09\/IMG-20240927-WA0018.jpg","articleSection":["Actualit\u00e9s","Coop\u00e9ration Inde"],"inLanguage":"fr-FR"},{"@type":"WebPage","@id":"https:\/\/cooperation.gouv.cd\/dev\/2024\/09\/11\/renforcement-des-relations-bilaterales-audience-entre-la-ministre-kadazi-ditabala-et-lambassadeur-indien-a-kinshasa\/","url":"https:\/\/cooperation.gouv.cd\/dev\/2024\/09\/11\/renforcement-des-relations-bilaterales-audience-entre-la-ministre-kadazi-ditabala-et-lambassadeur-indien-a-kinshasa\/","name":"Audience avec l'Ambassadeur Indien \u00e0 Kinshasa - Ministre D\u00e9l\u00e9gu\u00e9e En Charge de la Coop\u00e9ration Internationale Et Francophonie","isPartOf":{"@id":"https:\/\/cooperation.gouv.cd\/dev\/#website"},"primaryImageOfPage":{"@id":"https:\/\/cooperation.gouv.cd\/dev\/2024\/09\/11\/renforcement-des-relations-bilaterales-audience-entre-la-ministre-kadazi-ditabala-et-lambassadeur-indien-a-kinshasa\/#primaryimage"},"image":{"@id":"https:\/\/cooperation.gouv.cd\/dev\/2024\/09\/11\/renforcement-des-relations-bilaterales-audience-entre-la-ministre-kadazi-ditabala-et-lambassadeur-indien-a-kinshasa\/#primaryimage"},"thumbnailUrl":"https:\/\/cooperation.gouv.cd\/dev\/wp-content\/uploads\/2024\/09\/IMG-20240927-WA0018.jpg","datePublished":"2024-09-11T19:00:55+00:00","dateModified":"2024-10-11T02:27:33+00:00","breadcrumb":{"@id":"https:\/\/cooperation.gouv.cd\/dev\/2024\/09\/11\/renforcement-des-relations-bilaterales-audience-entre-la-ministre-kadazi-ditabala-et-lambassadeur-indien-a-kinshasa\/#breadcrumb"},"inLanguage":"fr-FR","potentialAction":[{"@type":"ReadAction","target":["https:\/\/cooperation.gouv.cd\/dev\/2024\/09\/11\/renforcement-des-relations-bilaterales-audience-entre-la-ministre-kadazi-ditabala-et-lambassadeur-indien-a-kinshasa\/"]}]},{"@type":"ImageObject","inLanguage":"fr-FR","@id":"https:\/\/cooperation.gouv.cd\/dev\/2024\/09\/11\/renforcement-des-relations-bilaterales-audience-entre-la-ministre-kadazi-ditabala-et-lambassadeur-indien-a-kinshasa\/#primaryimage","url":"https:\/\/cooperation.gouv.cd\/dev\/wp-content\/uploads\/2024\/09\/IMG-20240927-WA0018.jpg","contentUrl":"https:\/\/cooperation.gouv.cd\/dev\/wp-content\/uploads\/2024\/09\/IMG-20240927-WA0018.jpg","width":1600,"height":1066},{"@type":"BreadcrumbList","@id":"https:\/\/cooperation.gouv.cd\/dev\/2024\/09\/11\/renforcement-des-relations-bilaterales-audience-entre-la-ministre-kadazi-ditabala-et-lambassadeur-indien-a-kinshasa\/#breadcrumb","itemListElement":[{"@type":"ListItem","position":1,"name":"Accueil","item":"https:\/\/cooperation.gouv.cd\/dev\/"},{"@type":"ListItem","position":2,"name":"Audience avec l&rsquo;Ambassadeur Indien \u00e0 Kinshasa"}]},{"@type":"WebSite","@id":"https:\/\/cooperation.gouv.cd\/dev\/#website","url":"https:\/\/cooperation.gouv.cd\/dev\/","name":"Ministre D\u00e9l\u00e9gu\u00e9e En Charge de la Coop\u00e9ration Internationale Et Francophonie","description":"Portail officiel du Ministre d\u00e9l\u00e9gu\u00e9 en charge de la Coop\u00e9ration internationale et de la Francophonie.","publisher":{"@id":"https:\/\/cooperation.gouv.cd\/dev\/#organization"},"potentialAction":[{"@type":"SearchAction","target":{"@type":"EntryPoint","urlTemplate":"https:\/\/cooperation.gouv.cd\/dev\/?s={search_term_string}"},"query-input":{"@type":"PropertyValueSpecification","valueRequired":true,"valueName":"search_term_string"}}],"inLanguage":"fr-FR"},{"@type":"Organization","@id":"https:\/\/cooperation.gouv.cd\/dev\/#organization","name":"Bestine Kazadi","url":"https:\/\/cooperation.gouv.cd\/dev\/","logo":{"@type":"ImageObject","inLanguage":"fr-FR","@id":"https:\/\/cooperation.gouv.cd\/dev\/#\/schema\/logo\/image\/","url":"https:\/\/cooperation.gouv.cd\/dev\/wp-content\/uploads\/2024\/09\/cropped-logo-2.png","contentUrl":"https:\/\/cooperation.gouv.cd\/dev\/wp-content\/uploads\/2024\/09\/cropped-logo-2.png","width":2499,"height":1166,"caption":"Bestine Kazadi"},"image":{"@id":"https:\/\/cooperation.gouv.cd\/dev\/#\/schema\/logo\/image\/"},"sameAs":["https:\/\/web.facebook.com\/profile.php?id=100064940047039","https:\/\/x.com\/BestineKazadi","https:\/\/www.youtube.com\/@CoopInternEtFrancophonie","https:\/\/www.instagram.com\/bestine_kazadi\/","https:\/\/whatsapp.com\/channel\/0029Vax83N8AojYzbHOjzx05"]},{"@type":"Person","@id":"https:\/\/cooperation.gouv.cd\/dev\/#\/schema\/person\/2ae9d7c527bf6a3bd84c9908a528632c","name":"Elie Tshingombe","image":{"@type":"ImageObject","inLanguage":"fr-FR","@id":"https:\/\/cooperation.gouv.cd\/dev\/#\/schema\/person\/image\/","url":"https:\/\/secure.gravatar.com\/avatar\/6c0799964d475999ae9baf49f3b1d6e7579eff8673327022e40455e31215e0c8?s=96&d=mm&r=g","contentUrl":"https:\/\/secure.gravatar.com\/avatar\/6c0799964d475999ae9baf49f3b1d6e7579eff8673327022e40455e31215e0c8?s=96&d=mm&r=g","caption":"Elie Tshingombe"},"sameAs":["https:\/\/etasite-cd.web.app\/"],"url":"https:\/\/cooperation.gouv.cd\/dev\/author\/eleo7421\/"}]}},"jetpack_featured_media_url":"https:\/\/cooperation.gouv.cd\/dev\/wp-content\/uploads\/2024\/09\/IMG-20240927-WA0018.jpg","jetpack_sharing_enabled":true,"_links":{"self":[{"href":"https:\/\/cooperation.gouv.cd\/dev\/wp-json\/wp\/v2\/posts\/501","targetHints":{"allow":["GET"]}}],"collection":[{"href":"https:\/\/cooperation.gouv.cd\/dev\/wp-json\/wp\/v2\/posts"}],"about":[{"href":"https:\/\/cooperation.gouv.cd\/dev\/wp-json\/wp\/v2\/types\/post"}],"author":[{"embeddable":true,"href":"https:\/\/cooperation.gouv.cd\/dev\/wp-json\/wp\/v2\/users\/2"}],"replies":[{"embeddable":true,"href":"https:\/\/cooperation.gouv.cd\/dev\/wp-json\/wp\/v2\/comments?post=501"}],"version-history":[{"count":5,"href":"https:\/\/cooperation.gouv.cd\/dev\/wp-json\/wp\/v2\/posts\/501\/revisions"}],"predecessor-version":[{"id":663,"href":"https:\/\/cooperation.gouv.cd\/dev\/wp-json\/wp\/v2\/posts\/501\/revisions\/663"}],"wp:featuredmedia":[{"embeddable":true,"href":"https:\/\/cooperation.gouv.cd\/dev\/wp-json\/wp\/v2\/media\/502"}],"wp:attachment":[{"href":"https:\/\/cooperation.gouv.cd\/dev\/wp-json\/wp\/v2\/media?parent=501"}],"wp:term":[{"taxonomy":"category","embeddable":true,"href":"https:\/\/cooperation.gouv.cd\/dev\/wp-json\/wp\/v2\/categories?post=501"},{"taxonomy":"post_tag","embeddable":true,"href":"https:\/\/cooperation.gouv.cd\/dev\/wp-json\/wp\/v2\/tags?post=501"}],"curies":[{"name":"wp","href":"https:\/\/api.w.org\/{rel}","templated":true}]}}