{"id":506,"date":"2024-09-16T21:15:55","date_gmt":"2024-09-16T19:15:55","guid":{"rendered":"https:\/\/cooperation.gouv.cd\/dev\/?p=506"},"modified":"2024-10-21T12:13:33","modified_gmt":"2024-10-21T10:13:33","slug":"audience-avec-lallemagne","status":"publish","type":"post","link":"https:\/\/cooperation.gouv.cd\/dev\/2024\/09\/16\/audience-avec-lallemagne\/","title":{"rendered":"Audience avec l\u2019Allemagne"},"content":{"rendered":"\n<p>Son Excellence Madame la Ministre D\u00e9l\u00e9gu\u00e9e en charge de la Coop\u00e9ration Internationale et de la Francophonie, Ma\u00eetre Bestine KADAZI DITABALA, a accord\u00e9, ce lundi 16 septembre 2024, une audience, dans son Cabinet de travail, aux Cheffes de Coop\u00e9ration de la R\u00e9publique f\u00e9d\u00e9rale d\u2019Allemagne \u00e0 Kinshasa : Madame Astrid MAYER et Madame Friederike FUHLROTT. Cette audience \u00e9tait une premi\u00e8re prise de contact et a \u00e9galement \u00e9t\u00e9 l\u2019occasion pour les deux parties d\u2019\u00e9changer sur les pr\u00e9paratifs des consultations bilat\u00e9rales germano-congolaises pr\u00e9vues du 02 au 03 octobre 2024.<\/p>\n\n\n\n<figure class=\"wp-block-image size-large\"><img fetchpriority=\"high\" decoding=\"async\" width=\"1024\" height=\"682\" src=\"https:\/\/cooperation.gouv.cd\/dev\/wp-content\/uploads\/2024\/09\/IMG-20240916-WA0025-1024x682.jpg\" alt=\"\" class=\"wp-image-509\" srcset=\"https:\/\/cooperation.gouv.cd\/dev\/wp-content\/uploads\/2024\/09\/IMG-20240916-WA0025-1024x682.jpg 1024w, https:\/\/cooperation.gouv.cd\/dev\/wp-content\/uploads\/2024\/09\/IMG-20240916-WA0025-300x200.jpg 300w, https:\/\/cooperation.gouv.cd\/dev\/wp-content\/uploads\/2024\/09\/IMG-20240916-WA0025-768x512.jpg 768w, https:\/\/cooperation.gouv.cd\/dev\/wp-content\/uploads\/2024\/09\/IMG-20240916-WA0025-1536x1023.jpg 1536w, https:\/\/cooperation.gouv.cd\/dev\/wp-content\/uploads\/2024\/09\/IMG-20240916-WA0025.jpg 1600w\" sizes=\"(max-width: 1024px) 100vw, 1024px\" \/><\/figure>\n\n\n\n<p>Ce premier \u00e9change a permis \u00e0 Madame la Ministre d\u00e9l\u00e9gu\u00e9e de pr\u00e9senter la nouvelle vision de coop\u00e9ration de Son Excellence le Pr\u00e9sident de la R\u00e9publique \u00e0 la d\u00e9l\u00e9gation allemande : une approche ax\u00e9e sur le partenariat. Il s\u2019agit de mettre en place des solutions toujours plus efficaces et adapt\u00e9es pour continuer \u00e0 r\u00e9pondre au mieux aux besoins de la population. Les repr\u00e9sentants de l\u2019Allemagne ont, quant \u00e0 eux, pr\u00e9sent\u00e9 les diff\u00e9rents leviers utilis\u00e9s par leur pays pour la mise en \u0153uvre de sa politique de coop\u00e9ration en RDC. Cette mise en \u0153uvre s\u2019effectue \u00e0 travers divers instruments, dont l&rsquo;Ambassade d&rsquo;Allemagne en RDC, l&rsquo;Agence allemande de coop\u00e9ration internationale pour le d\u00e9veloppement (GIZ) et la Banque allemande de d\u00e9veloppement (KfW). Cette coop\u00e9ration se concr\u00e9tise \u00e0 travers des programmes visant \u00e0 am\u00e9liorer les conditions de vie de la population et \u00e0 exploiter de mani\u00e8re durable le vaste potentiel de la RDC, au b\u00e9n\u00e9fice de sa population.<\/p>\n\n\n\n<p>La venue prochaine de la d\u00e9l\u00e9gation allemande pour les consultations pr\u00e9paratoires des 8\u00e8mes n\u00e9gociations germano-congolaises, pr\u00e9vues \u00e0 Berlin en mars 2025, a \u00e9galement \u00e9t\u00e9 abord\u00e9e. Les consultations r\u00e9uniront, autour du secteur de la coop\u00e9ration et de la d\u00e9l\u00e9gation allemande, les diff\u00e9rents minist\u00e8res sectoriels concern\u00e9s par les projets et programmes financ\u00e9s par l&rsquo;Allemagne dans le cadre de sa politique de coop\u00e9ration. Ces \u00e9changes porteront principalement sur les moyens de renforcer la coop\u00e9ration entre les deux pays.<\/p>\n\n\n\n<p>Parall\u00e8lement, la partie allemande a expos\u00e9 \u00e0 Madame la Ministre D\u00e9l\u00e9gu\u00e9e charg\u00e9e de la Coop\u00e9ration Internationale et de la Francophonie, Ma\u00eetre Bestine KADAZI DITABALA, les d\u00e9fis rencontr\u00e9s dans la mise en \u0153uvre de son portefeuille de coop\u00e9ration en RDC. En r\u00e9ponse, Madame la Ministre a affirm\u00e9 son engagement total \u00e0 collaborer avec la partie allemande pour trouver des solutions et renforcer la coop\u00e9ration bilat\u00e9rale entre les deux pays.<\/p>\n\n\n\n<figure class=\"wp-block-gallery has-nested-images columns-default is-cropped wp-block-gallery-1 is-layout-flex wp-block-gallery-is-layout-flex\">\n<figure class=\"wp-block-image size-large\"><img decoding=\"async\" width=\"1024\" height=\"682\" data-id=\"512\" src=\"https:\/\/cooperation.gouv.cd\/dev\/wp-content\/uploads\/2024\/09\/IMG-20240916-WA0036-1024x682.jpg\" alt=\"\" class=\"wp-image-512\" srcset=\"https:\/\/cooperation.gouv.cd\/dev\/wp-content\/uploads\/2024\/09\/IMG-20240916-WA0036-1024x682.jpg 1024w, https:\/\/cooperation.gouv.cd\/dev\/wp-content\/uploads\/2024\/09\/IMG-20240916-WA0036-300x200.jpg 300w, https:\/\/cooperation.gouv.cd\/dev\/wp-content\/uploads\/2024\/09\/IMG-20240916-WA0036-768x512.jpg 768w, https:\/\/cooperation.gouv.cd\/dev\/wp-content\/uploads\/2024\/09\/IMG-20240916-WA0036-1536x1023.jpg 1536w, https:\/\/cooperation.gouv.cd\/dev\/wp-content\/uploads\/2024\/09\/IMG-20240916-WA0036.jpg 1600w\" sizes=\"(max-width: 1024px) 100vw, 1024px\" \/><\/figure>\n\n\n\n<figure class=\"wp-block-image size-large\"><img decoding=\"async\" width=\"1024\" height=\"682\" data-id=\"511\" src=\"https:\/\/cooperation.gouv.cd\/dev\/wp-content\/uploads\/2024\/09\/IMG-20240916-WA0037-1024x682.jpg\" alt=\"\" class=\"wp-image-511\" srcset=\"https:\/\/cooperation.gouv.cd\/dev\/wp-content\/uploads\/2024\/09\/IMG-20240916-WA0037-1024x682.jpg 1024w, https:\/\/cooperation.gouv.cd\/dev\/wp-content\/uploads\/2024\/09\/IMG-20240916-WA0037-300x200.jpg 300w, https:\/\/cooperation.gouv.cd\/dev\/wp-content\/uploads\/2024\/09\/IMG-20240916-WA0037-768x512.jpg 768w, https:\/\/cooperation.gouv.cd\/dev\/wp-content\/uploads\/2024\/09\/IMG-20240916-WA0037-1536x1023.jpg 1536w, https:\/\/cooperation.gouv.cd\/dev\/wp-content\/uploads\/2024\/09\/IMG-20240916-WA0037.jpg 1600w\" sizes=\"(max-width: 1024px) 100vw, 1024px\" \/><\/figure>\n\n\n\n<figure class=\"wp-block-image size-large\"><img loading=\"lazy\" decoding=\"async\" width=\"1024\" height=\"682\" data-id=\"513\" src=\"https:\/\/cooperation.gouv.cd\/dev\/wp-content\/uploads\/2024\/09\/IMG-20240916-WA0038-1-1024x682.jpg\" alt=\"\" class=\"wp-image-513\" srcset=\"https:\/\/cooperation.gouv.cd\/dev\/wp-content\/uploads\/2024\/09\/IMG-20240916-WA0038-1-1024x682.jpg 1024w, https:\/\/cooperation.gouv.cd\/dev\/wp-content\/uploads\/2024\/09\/IMG-20240916-WA0038-1-300x200.jpg 300w, https:\/\/cooperation.gouv.cd\/dev\/wp-content\/uploads\/2024\/09\/IMG-20240916-WA0038-1-768x512.jpg 768w, https:\/\/cooperation.gouv.cd\/dev\/wp-content\/uploads\/2024\/09\/IMG-20240916-WA0038-1-1536x1023.jpg 1536w, https:\/\/cooperation.gouv.cd\/dev\/wp-content\/uploads\/2024\/09\/IMG-20240916-WA0038-1.jpg 1600w\" sizes=\"(max-width: 1024px) 100vw, 1024px\" \/><\/figure>\n<\/figure>\n","protected":false},"excerpt":{"rendered":"<p>Son Excellence Madame la Ministre D\u00e9l\u00e9gu\u00e9e en charge de la Coop\u00e9ration Internationale et de la Francophonie, Ma\u00eetre Bestine KADAZI DITABALA, a accord\u00e9, ce lundi 16 septembre 2024, une audience, dans son Cabinet de travail, aux Cheffes de Coop\u00e9ration de la R\u00e9publique f\u00e9d\u00e9rale d\u2019Allemagne \u00e0 Kinshasa : Madame Astrid MAYER et Madame Friederike FUHLROTT. Cette audience [&hellip;]<\/p>\n","protected":false},"author":2,"featured_media":507,"comment_status":"closed","ping_status":"open","sticky":false,"template":"","format":"standard","meta":{"_eb_attr":"","_jetpack_memberships_contains_paid_content":false,"footnotes":""},"categories":[6,18],"tags":[],"class_list":["post-506","post","type-post","status-publish","format-standard","has-post-thumbnail","hentry","category-activites","category-cooperation-allemagne"],"yoast_head":"<!-- This site is optimized with the Yoast SEO plugin v25.6 - https:\/\/yoast.com\/wordpress\/plugins\/seo\/ -->\n<title>Audience avec l\u2019Allemagne - Ministre D\u00e9l\u00e9gu\u00e9e En Charge de la Coop\u00e9ration Internationale Et Francophonie<\/title>\n<meta name=\"robots\" content=\"index, follow, max-snippet:-1, max-image-preview:large, max-video-preview:-1\" \/>\n<link rel=\"canonical\" href=\"https:\/\/cooperation.gouv.cd\/dev\/2024\/09\/16\/audience-avec-lallemagne\/\" \/>\n<meta property=\"og:locale\" content=\"fr_FR\" \/>\n<meta property=\"og:type\" content=\"article\" \/>\n<meta property=\"og:title\" content=\"Audience avec l\u2019Allemagne - Ministre D\u00e9l\u00e9gu\u00e9e En Charge de la Coop\u00e9ration Internationale Et Francophonie\" \/>\n<meta property=\"og:description\" content=\"Son Excellence Madame la Ministre D\u00e9l\u00e9gu\u00e9e en charge de la Coop\u00e9ration Internationale et de la Francophonie, Ma\u00eetre Bestine KADAZI DITABALA, a accord\u00e9, ce lundi 16 septembre 2024, une audience, dans son Cabinet de travail, aux Cheffes de Coop\u00e9ration de la R\u00e9publique f\u00e9d\u00e9rale d\u2019Allemagne \u00e0 Kinshasa : Madame Astrid MAYER et Madame Friederike FUHLROTT. Cette audience [&hellip;]\" \/>\n<meta property=\"og:url\" content=\"https:\/\/cooperation.gouv.cd\/dev\/2024\/09\/16\/audience-avec-lallemagne\/\" \/>\n<meta property=\"og:site_name\" content=\"Ministre D\u00e9l\u00e9gu\u00e9e En Charge de la Coop\u00e9ration Internationale Et Francophonie\" \/>\n<meta property=\"article:publisher\" content=\"https:\/\/web.facebook.com\/profile.php?id=100064940047039\" \/>\n<meta property=\"article:published_time\" content=\"2024-09-16T19:15:55+00:00\" \/>\n<meta property=\"article:modified_time\" content=\"2024-10-21T10:13:33+00:00\" \/>\n<meta property=\"og:image\" content=\"https:\/\/cooperation.gouv.cd\/dev\/wp-content\/uploads\/2024\/09\/IMG-20240916-WA0021.jpg\" \/>\n\t<meta property=\"og:image:width\" content=\"1600\" \/>\n\t<meta property=\"og:image:height\" content=\"1066\" \/>\n\t<meta property=\"og:image:type\" content=\"image\/jpeg\" \/>\n<meta name=\"author\" content=\"Elie Tshingombe\" \/>\n<meta name=\"twitter:card\" content=\"summary_large_image\" \/>\n<meta name=\"twitter:creator\" content=\"@BestineKazadi\" \/>\n<meta name=\"twitter:site\" content=\"@BestineKazadi\" \/>\n<meta name=\"twitter:label1\" content=\"\u00c9crit par\" \/>\n\t<meta name=\"twitter:data1\" content=\"Elie Tshingombe\" \/>\n\t<meta name=\"twitter:label2\" content=\"Dur\u00e9e de lecture estim\u00e9e\" \/>\n\t<meta name=\"twitter:data2\" content=\"2 minutes\" \/>\n<script type=\"application\/ld+json\" class=\"yoast-schema-graph\">{\"@context\":\"https:\/\/schema.org\",\"@graph\":[{\"@type\":\"Article\",\"@id\":\"https:\/\/cooperation.gouv.cd\/dev\/2024\/09\/16\/audience-avec-lallemagne\/#article\",\"isPartOf\":{\"@id\":\"https:\/\/cooperation.gouv.cd\/dev\/2024\/09\/16\/audience-avec-lallemagne\/\"},\"author\":{\"name\":\"Elie Tshingombe\",\"@id\":\"https:\/\/cooperation.gouv.cd\/dev\/#\/schema\/person\/2ae9d7c527bf6a3bd84c9908a528632c\"},\"headline\":\"Audience avec l\u2019Allemagne\",\"datePublished\":\"2024-09-16T19:15:55+00:00\",\"dateModified\":\"2024-10-21T10:13:33+00:00\",\"mainEntityOfPage\":{\"@id\":\"https:\/\/cooperation.gouv.cd\/dev\/2024\/09\/16\/audience-avec-lallemagne\/\"},\"wordCount\":443,\"publisher\":{\"@id\":\"https:\/\/cooperation.gouv.cd\/dev\/#organization\"},\"image\":{\"@id\":\"https:\/\/cooperation.gouv.cd\/dev\/2024\/09\/16\/audience-avec-lallemagne\/#primaryimage\"},\"thumbnailUrl\":\"https:\/\/cooperation.gouv.cd\/dev\/wp-content\/uploads\/2024\/09\/IMG-20240916-WA0021.jpg\",\"articleSection\":[\"Actualit\u00e9s\",\"Coop\u00e9ration Allemagne\"],\"inLanguage\":\"fr-FR\"},{\"@type\":\"WebPage\",\"@id\":\"https:\/\/cooperation.gouv.cd\/dev\/2024\/09\/16\/audience-avec-lallemagne\/\",\"url\":\"https:\/\/cooperation.gouv.cd\/dev\/2024\/09\/16\/audience-avec-lallemagne\/\",\"name\":\"Audience avec l\u2019Allemagne - Ministre D\u00e9l\u00e9gu\u00e9e En Charge de la Coop\u00e9ration Internationale Et Francophonie\",\"isPartOf\":{\"@id\":\"https:\/\/cooperation.gouv.cd\/dev\/#website\"},\"primaryImageOfPage\":{\"@id\":\"https:\/\/cooperation.gouv.cd\/dev\/2024\/09\/16\/audience-avec-lallemagne\/#primaryimage\"},\"image\":{\"@id\":\"https:\/\/cooperation.gouv.cd\/dev\/2024\/09\/16\/audience-avec-lallemagne\/#primaryimage\"},\"thumbnailUrl\":\"https:\/\/cooperation.gouv.cd\/dev\/wp-content\/uploads\/2024\/09\/IMG-20240916-WA0021.jpg\",\"datePublished\":\"2024-09-16T19:15:55+00:00\",\"dateModified\":\"2024-10-21T10:13:33+00:00\",\"breadcrumb\":{\"@id\":\"https:\/\/cooperation.gouv.cd\/dev\/2024\/09\/16\/audience-avec-lallemagne\/#breadcrumb\"},\"inLanguage\":\"fr-FR\",\"potentialAction\":[{\"@type\":\"ReadAction\",\"target\":[\"https:\/\/cooperation.gouv.cd\/dev\/2024\/09\/16\/audience-avec-lallemagne\/\"]}]},{\"@type\":\"ImageObject\",\"inLanguage\":\"fr-FR\",\"@id\":\"https:\/\/cooperation.gouv.cd\/dev\/2024\/09\/16\/audience-avec-lallemagne\/#primaryimage\",\"url\":\"https:\/\/cooperation.gouv.cd\/dev\/wp-content\/uploads\/2024\/09\/IMG-20240916-WA0021.jpg\",\"contentUrl\":\"https:\/\/cooperation.gouv.cd\/dev\/wp-content\/uploads\/2024\/09\/IMG-20240916-WA0021.jpg\",\"width\":1600,\"height\":1066},{\"@type\":\"BreadcrumbList\",\"@id\":\"https:\/\/cooperation.gouv.cd\/dev\/2024\/09\/16\/audience-avec-lallemagne\/#breadcrumb\",\"itemListElement\":[{\"@type\":\"ListItem\",\"position\":1,\"name\":\"Accueil\",\"item\":\"https:\/\/cooperation.gouv.cd\/dev\/\"},{\"@type\":\"ListItem\",\"position\":2,\"name\":\"Audience avec l\u2019Allemagne\"}]},{\"@type\":\"WebSite\",\"@id\":\"https:\/\/cooperation.gouv.cd\/dev\/#website\",\"url\":\"https:\/\/cooperation.gouv.cd\/dev\/\",\"name\":\"Ministre D\u00e9l\u00e9gu\u00e9e En Charge de la Coop\u00e9ration Internationale Et Francophonie\",\"description\":\"Portail officiel du Ministre d\u00e9l\u00e9gu\u00e9 en charge de la Coop\u00e9ration internationale et de la Francophonie.\",\"publisher\":{\"@id\":\"https:\/\/cooperation.gouv.cd\/dev\/#organization\"},\"potentialAction\":[{\"@type\":\"SearchAction\",\"target\":{\"@type\":\"EntryPoint\",\"urlTemplate\":\"https:\/\/cooperation.gouv.cd\/dev\/?s={search_term_string}\"},\"query-input\":{\"@type\":\"PropertyValueSpecification\",\"valueRequired\":true,\"valueName\":\"search_term_string\"}}],\"inLanguage\":\"fr-FR\"},{\"@type\":\"Organization\",\"@id\":\"https:\/\/cooperation.gouv.cd\/dev\/#organization\",\"name\":\"Bestine Kazadi\",\"url\":\"https:\/\/cooperation.gouv.cd\/dev\/\",\"logo\":{\"@type\":\"ImageObject\",\"inLanguage\":\"fr-FR\",\"@id\":\"https:\/\/cooperation.gouv.cd\/dev\/#\/schema\/logo\/image\/\",\"url\":\"https:\/\/cooperation.gouv.cd\/dev\/wp-content\/uploads\/2024\/09\/cropped-logo-2.png\",\"contentUrl\":\"https:\/\/cooperation.gouv.cd\/dev\/wp-content\/uploads\/2024\/09\/cropped-logo-2.png\",\"width\":2499,\"height\":1166,\"caption\":\"Bestine Kazadi\"},\"image\":{\"@id\":\"https:\/\/cooperation.gouv.cd\/dev\/#\/schema\/logo\/image\/\"},\"sameAs\":[\"https:\/\/web.facebook.com\/profile.php?id=100064940047039\",\"https:\/\/x.com\/BestineKazadi\",\"https:\/\/www.youtube.com\/@CoopInternEtFrancophonie\",\"https:\/\/www.instagram.com\/bestine_kazadi\/\",\"https:\/\/whatsapp.com\/channel\/0029Vax83N8AojYzbHOjzx05\"]},{\"@type\":\"Person\",\"@id\":\"https:\/\/cooperation.gouv.cd\/dev\/#\/schema\/person\/2ae9d7c527bf6a3bd84c9908a528632c\",\"name\":\"Elie Tshingombe\",\"image\":{\"@type\":\"ImageObject\",\"inLanguage\":\"fr-FR\",\"@id\":\"https:\/\/cooperation.gouv.cd\/dev\/#\/schema\/person\/image\/\",\"url\":\"https:\/\/secure.gravatar.com\/avatar\/6c0799964d475999ae9baf49f3b1d6e7579eff8673327022e40455e31215e0c8?s=96&d=mm&r=g\",\"contentUrl\":\"https:\/\/secure.gravatar.com\/avatar\/6c0799964d475999ae9baf49f3b1d6e7579eff8673327022e40455e31215e0c8?s=96&d=mm&r=g\",\"caption\":\"Elie Tshingombe\"},\"sameAs\":[\"https:\/\/etasite-cd.web.app\/\"],\"url\":\"https:\/\/cooperation.gouv.cd\/dev\/author\/eleo7421\/\"}]}<\/script>\n<!-- \/ Yoast SEO plugin. -->","yoast_head_json":{"title":"Audience avec l\u2019Allemagne - Ministre D\u00e9l\u00e9gu\u00e9e En Charge de la Coop\u00e9ration Internationale Et Francophonie","robots":{"index":"index","follow":"follow","max-snippet":"max-snippet:-1","max-image-preview":"max-image-preview:large","max-video-preview":"max-video-preview:-1"},"canonical":"https:\/\/cooperation.gouv.cd\/dev\/2024\/09\/16\/audience-avec-lallemagne\/","og_locale":"fr_FR","og_type":"article","og_title":"Audience avec l\u2019Allemagne - Ministre D\u00e9l\u00e9gu\u00e9e En Charge de la Coop\u00e9ration Internationale Et Francophonie","og_description":"Son Excellence Madame la Ministre D\u00e9l\u00e9gu\u00e9e en charge de la Coop\u00e9ration Internationale et de la Francophonie, Ma\u00eetre Bestine KADAZI DITABALA, a accord\u00e9, ce lundi 16 septembre 2024, une audience, dans son Cabinet de travail, aux Cheffes de Coop\u00e9ration de la R\u00e9publique f\u00e9d\u00e9rale d\u2019Allemagne \u00e0 Kinshasa : Madame Astrid MAYER et Madame Friederike FUHLROTT. Cette audience [&hellip;]","og_url":"https:\/\/cooperation.gouv.cd\/dev\/2024\/09\/16\/audience-avec-lallemagne\/","og_site_name":"Ministre D\u00e9l\u00e9gu\u00e9e En Charge de la Coop\u00e9ration Internationale Et Francophonie","article_publisher":"https:\/\/web.facebook.com\/profile.php?id=100064940047039","article_published_time":"2024-09-16T19:15:55+00:00","article_modified_time":"2024-10-21T10:13:33+00:00","og_image":[{"width":1600,"height":1066,"url":"https:\/\/cooperation.gouv.cd\/dev\/wp-content\/uploads\/2024\/09\/IMG-20240916-WA0021.jpg","type":"image\/jpeg"}],"author":"Elie Tshingombe","twitter_card":"summary_large_image","twitter_creator":"@BestineKazadi","twitter_site":"@BestineKazadi","twitter_misc":{"\u00c9crit par":"Elie Tshingombe","Dur\u00e9e de lecture estim\u00e9e":"2 minutes"},"schema":{"@context":"https:\/\/schema.org","@graph":[{"@type":"Article","@id":"https:\/\/cooperation.gouv.cd\/dev\/2024\/09\/16\/audience-avec-lallemagne\/#article","isPartOf":{"@id":"https:\/\/cooperation.gouv.cd\/dev\/2024\/09\/16\/audience-avec-lallemagne\/"},"author":{"name":"Elie Tshingombe","@id":"https:\/\/cooperation.gouv.cd\/dev\/#\/schema\/person\/2ae9d7c527bf6a3bd84c9908a528632c"},"headline":"Audience avec l\u2019Allemagne","datePublished":"2024-09-16T19:15:55+00:00","dateModified":"2024-10-21T10:13:33+00:00","mainEntityOfPage":{"@id":"https:\/\/cooperation.gouv.cd\/dev\/2024\/09\/16\/audience-avec-lallemagne\/"},"wordCount":443,"publisher":{"@id":"https:\/\/cooperation.gouv.cd\/dev\/#organization"},"image":{"@id":"https:\/\/cooperation.gouv.cd\/dev\/2024\/09\/16\/audience-avec-lallemagne\/#primaryimage"},"thumbnailUrl":"https:\/\/cooperation.gouv.cd\/dev\/wp-content\/uploads\/2024\/09\/IMG-20240916-WA0021.jpg","articleSection":["Actualit\u00e9s","Coop\u00e9ration Allemagne"],"inLanguage":"fr-FR"},{"@type":"WebPage","@id":"https:\/\/cooperation.gouv.cd\/dev\/2024\/09\/16\/audience-avec-lallemagne\/","url":"https:\/\/cooperation.gouv.cd\/dev\/2024\/09\/16\/audience-avec-lallemagne\/","name":"Audience avec l\u2019Allemagne - Ministre D\u00e9l\u00e9gu\u00e9e En Charge de la Coop\u00e9ration Internationale Et Francophonie","isPartOf":{"@id":"https:\/\/cooperation.gouv.cd\/dev\/#website"},"primaryImageOfPage":{"@id":"https:\/\/cooperation.gouv.cd\/dev\/2024\/09\/16\/audience-avec-lallemagne\/#primaryimage"},"image":{"@id":"https:\/\/cooperation.gouv.cd\/dev\/2024\/09\/16\/audience-avec-lallemagne\/#primaryimage"},"thumbnailUrl":"https:\/\/cooperation.gouv.cd\/dev\/wp-content\/uploads\/2024\/09\/IMG-20240916-WA0021.jpg","datePublished":"2024-09-16T19:15:55+00:00","dateModified":"2024-10-21T10:13:33+00:00","breadcrumb":{"@id":"https:\/\/cooperation.gouv.cd\/dev\/2024\/09\/16\/audience-avec-lallemagne\/#breadcrumb"},"inLanguage":"fr-FR","potentialAction":[{"@type":"ReadAction","target":["https:\/\/cooperation.gouv.cd\/dev\/2024\/09\/16\/audience-avec-lallemagne\/"]}]},{"@type":"ImageObject","inLanguage":"fr-FR","@id":"https:\/\/cooperation.gouv.cd\/dev\/2024\/09\/16\/audience-avec-lallemagne\/#primaryimage","url":"https:\/\/cooperation.gouv.cd\/dev\/wp-content\/uploads\/2024\/09\/IMG-20240916-WA0021.jpg","contentUrl":"https:\/\/cooperation.gouv.cd\/dev\/wp-content\/uploads\/2024\/09\/IMG-20240916-WA0021.jpg","width":1600,"height":1066},{"@type":"BreadcrumbList","@id":"https:\/\/cooperation.gouv.cd\/dev\/2024\/09\/16\/audience-avec-lallemagne\/#breadcrumb","itemListElement":[{"@type":"ListItem","position":1,"name":"Accueil","item":"https:\/\/cooperation.gouv.cd\/dev\/"},{"@type":"ListItem","position":2,"name":"Audience avec l\u2019Allemagne"}]},{"@type":"WebSite","@id":"https:\/\/cooperation.gouv.cd\/dev\/#website","url":"https:\/\/cooperation.gouv.cd\/dev\/","name":"Ministre D\u00e9l\u00e9gu\u00e9e En Charge de la Coop\u00e9ration Internationale Et Francophonie","description":"Portail officiel du Ministre d\u00e9l\u00e9gu\u00e9 en charge de la Coop\u00e9ration internationale et de la Francophonie.","publisher":{"@id":"https:\/\/cooperation.gouv.cd\/dev\/#organization"},"potentialAction":[{"@type":"SearchAction","target":{"@type":"EntryPoint","urlTemplate":"https:\/\/cooperation.gouv.cd\/dev\/?s={search_term_string}"},"query-input":{"@type":"PropertyValueSpecification","valueRequired":true,"valueName":"search_term_string"}}],"inLanguage":"fr-FR"},{"@type":"Organization","@id":"https:\/\/cooperation.gouv.cd\/dev\/#organization","name":"Bestine Kazadi","url":"https:\/\/cooperation.gouv.cd\/dev\/","logo":{"@type":"ImageObject","inLanguage":"fr-FR","@id":"https:\/\/cooperation.gouv.cd\/dev\/#\/schema\/logo\/image\/","url":"https:\/\/cooperation.gouv.cd\/dev\/wp-content\/uploads\/2024\/09\/cropped-logo-2.png","contentUrl":"https:\/\/cooperation.gouv.cd\/dev\/wp-content\/uploads\/2024\/09\/cropped-logo-2.png","width":2499,"height":1166,"caption":"Bestine Kazadi"},"image":{"@id":"https:\/\/cooperation.gouv.cd\/dev\/#\/schema\/logo\/image\/"},"sameAs":["https:\/\/web.facebook.com\/profile.php?id=100064940047039","https:\/\/x.com\/BestineKazadi","https:\/\/www.youtube.com\/@CoopInternEtFrancophonie","https:\/\/www.instagram.com\/bestine_kazadi\/","https:\/\/whatsapp.com\/channel\/0029Vax83N8AojYzbHOjzx05"]},{"@type":"Person","@id":"https:\/\/cooperation.gouv.cd\/dev\/#\/schema\/person\/2ae9d7c527bf6a3bd84c9908a528632c","name":"Elie Tshingombe","image":{"@type":"ImageObject","inLanguage":"fr-FR","@id":"https:\/\/cooperation.gouv.cd\/dev\/#\/schema\/person\/image\/","url":"https:\/\/secure.gravatar.com\/avatar\/6c0799964d475999ae9baf49f3b1d6e7579eff8673327022e40455e31215e0c8?s=96&d=mm&r=g","contentUrl":"https:\/\/secure.gravatar.com\/avatar\/6c0799964d475999ae9baf49f3b1d6e7579eff8673327022e40455e31215e0c8?s=96&d=mm&r=g","caption":"Elie Tshingombe"},"sameAs":["https:\/\/etasite-cd.web.app\/"],"url":"https:\/\/cooperation.gouv.cd\/dev\/author\/eleo7421\/"}]}},"jetpack_featured_media_url":"https:\/\/cooperation.gouv.cd\/dev\/wp-content\/uploads\/2024\/09\/IMG-20240916-WA0021.jpg","jetpack_sharing_enabled":true,"_links":{"self":[{"href":"https:\/\/cooperation.gouv.cd\/dev\/wp-json\/wp\/v2\/posts\/506","targetHints":{"allow":["GET"]}}],"collection":[{"href":"https:\/\/cooperation.gouv.cd\/dev\/wp-json\/wp\/v2\/posts"}],"about":[{"href":"https:\/\/cooperation.gouv.cd\/dev\/wp-json\/wp\/v2\/types\/post"}],"author":[{"embeddable":true,"href":"https:\/\/cooperation.gouv.cd\/dev\/wp-json\/wp\/v2\/users\/2"}],"replies":[{"embeddable":true,"href":"https:\/\/cooperation.gouv.cd\/dev\/wp-json\/wp\/v2\/comments?post=506"}],"version-history":[{"count":1,"href":"https:\/\/cooperation.gouv.cd\/dev\/wp-json\/wp\/v2\/posts\/506\/revisions"}],"predecessor-version":[{"id":514,"href":"https:\/\/cooperation.gouv.cd\/dev\/wp-json\/wp\/v2\/posts\/506\/revisions\/514"}],"wp:featuredmedia":[{"embeddable":true,"href":"https:\/\/cooperation.gouv.cd\/dev\/wp-json\/wp\/v2\/media\/507"}],"wp:attachment":[{"href":"https:\/\/cooperation.gouv.cd\/dev\/wp-json\/wp\/v2\/media?parent=506"}],"wp:term":[{"taxonomy":"category","embeddable":true,"href":"https:\/\/cooperation.gouv.cd\/dev\/wp-json\/wp\/v2\/categories?post=506"},{"taxonomy":"post_tag","embeddable":true,"href":"https:\/\/cooperation.gouv.cd\/dev\/wp-json\/wp\/v2\/tags?post=506"}],"curies":[{"name":"wp","href":"https:\/\/api.w.org\/{rel}","templated":true}]}}