{"id":525,"date":"2024-09-12T21:43:14","date_gmt":"2024-09-12T19:43:14","guid":{"rendered":"https:\/\/cooperation.gouv.cd\/dev\/?p=525"},"modified":"2025-08-07T12:36:33","modified_gmt":"2025-08-07T10:36:33","slug":"audience-rdc-et-egypte","status":"publish","type":"post","link":"https:\/\/cooperation.gouv.cd\/dev\/2024\/09\/12\/audience-rdc-et-egypte\/","title":{"rendered":"Audience RDC et \u00c9gypte"},"content":{"rendered":"\n<p>Son Excellence Madame la Ministre D\u00e9l\u00e9gu\u00e9e en charge de la Coop\u00e9ration Internationale et Francophonie, Ma\u00eetre Bestine KAZADI DITABALA, a rencontr\u00e9, ce jeudi 12 septembre 2024, l\u2019Ambassadeur de la R\u00e9publique Arabe d\u2019\u00c9gypte en RDC, accompagn\u00e9 de deux de ses collaborateurs.<\/p>\n\n\n\n<p>Cette r\u00e9union a permis aux deux parties de faire le point sur les progr\u00e8s r\u00e9alis\u00e9s dans les diff\u00e9rents dossiers depuis leur derni\u00e8re rencontre.<\/p>\n\n\n\n<figure class=\"wp-block-image size-large\"><img fetchpriority=\"high\" decoding=\"async\" width=\"1024\" height=\"682\" src=\"https:\/\/cooperation.gouv.cd\/dev\/wp-content\/uploads\/2024\/09\/IMG-20240927-WA0048-1024x682.jpg\" alt=\"\" class=\"wp-image-527\" srcset=\"https:\/\/cooperation.gouv.cd\/dev\/wp-content\/uploads\/2024\/09\/IMG-20240927-WA0048-1024x682.jpg 1024w, https:\/\/cooperation.gouv.cd\/dev\/wp-content\/uploads\/2024\/09\/IMG-20240927-WA0048-300x200.jpg 300w, https:\/\/cooperation.gouv.cd\/dev\/wp-content\/uploads\/2024\/09\/IMG-20240927-WA0048-768x512.jpg 768w, https:\/\/cooperation.gouv.cd\/dev\/wp-content\/uploads\/2024\/09\/IMG-20240927-WA0048-1536x1023.jpg 1536w, https:\/\/cooperation.gouv.cd\/dev\/wp-content\/uploads\/2024\/09\/IMG-20240927-WA0048.jpg 1600w\" sizes=\"(max-width: 1024px) 100vw, 1024px\" \/><\/figure>\n\n\n\n<p>Les discussions ont notamment port\u00e9 sur les modalit\u00e9s d\u2019organisation des commissions mixtes et sur les secteurs propos\u00e9s par les deux pays pour renforcer leur coop\u00e9ration, tels que les infrastructures (routes et logements), l\u2019\u00e9nergie solaire, les transports, l\u2019agriculture, ainsi que la recherche scientifique et la formation professionnelle.<\/p>\n\n\n\n<p>La proposition de cr\u00e9er un conseil d\u2019hommes d\u2019affaires pour tisser des liens \u00e9conomiques et faciliter les \u00e9changes entre les hommes d\u2019affaires de nos deux pays a \u00e9galement \u00e9t\u00e9 discut\u00e9e.<\/p>\n\n\n\n<p>\u00c0 l\u2019issue de cette r\u00e9union, les deux pays ont constat\u00e9 que la mise en \u0153uvre de leur partenariat \u00e9voluait de mani\u00e8re efficace et positive.<\/p>\n\n\n\n<figure class=\"wp-block-gallery has-nested-images columns-default is-cropped wp-block-gallery-1 is-layout-flex wp-block-gallery-is-layout-flex\">\n<figure class=\"wp-block-image size-large\"><img decoding=\"async\" width=\"1024\" height=\"682\" data-id=\"529\" src=\"https:\/\/cooperation.gouv.cd\/dev\/wp-content\/uploads\/2024\/09\/IMG-20240927-WA0057-1024x682.jpg\" alt=\"\" class=\"wp-image-529\" srcset=\"https:\/\/cooperation.gouv.cd\/dev\/wp-content\/uploads\/2024\/09\/IMG-20240927-WA0057-1024x682.jpg 1024w, https:\/\/cooperation.gouv.cd\/dev\/wp-content\/uploads\/2024\/09\/IMG-20240927-WA0057-300x200.jpg 300w, https:\/\/cooperation.gouv.cd\/dev\/wp-content\/uploads\/2024\/09\/IMG-20240927-WA0057-768x512.jpg 768w, https:\/\/cooperation.gouv.cd\/dev\/wp-content\/uploads\/2024\/09\/IMG-20240927-WA0057-1536x1023.jpg 1536w, https:\/\/cooperation.gouv.cd\/dev\/wp-content\/uploads\/2024\/09\/IMG-20240927-WA0057.jpg 1600w\" sizes=\"(max-width: 1024px) 100vw, 1024px\" \/><\/figure>\n\n\n\n<figure class=\"wp-block-image size-large\"><img decoding=\"async\" width=\"1024\" height=\"682\" data-id=\"528\" src=\"https:\/\/cooperation.gouv.cd\/dev\/wp-content\/uploads\/2024\/09\/IMG-20240927-WA0058-1024x682.jpg\" alt=\"\" class=\"wp-image-528\" srcset=\"https:\/\/cooperation.gouv.cd\/dev\/wp-content\/uploads\/2024\/09\/IMG-20240927-WA0058-1024x682.jpg 1024w, https:\/\/cooperation.gouv.cd\/dev\/wp-content\/uploads\/2024\/09\/IMG-20240927-WA0058-300x200.jpg 300w, https:\/\/cooperation.gouv.cd\/dev\/wp-content\/uploads\/2024\/09\/IMG-20240927-WA0058-768x512.jpg 768w, https:\/\/cooperation.gouv.cd\/dev\/wp-content\/uploads\/2024\/09\/IMG-20240927-WA0058-1536x1023.jpg 1536w, https:\/\/cooperation.gouv.cd\/dev\/wp-content\/uploads\/2024\/09\/IMG-20240927-WA0058.jpg 1600w\" sizes=\"(max-width: 1024px) 100vw, 1024px\" \/><\/figure>\n\n\n\n<figure class=\"wp-block-image size-large\"><img loading=\"lazy\" decoding=\"async\" width=\"1024\" height=\"682\" data-id=\"530\" src=\"https:\/\/cooperation.gouv.cd\/dev\/wp-content\/uploads\/2024\/09\/IMG-20240927-WA0059-1024x682.jpg\" alt=\"\" class=\"wp-image-530\" srcset=\"https:\/\/cooperation.gouv.cd\/dev\/wp-content\/uploads\/2024\/09\/IMG-20240927-WA0059-1024x682.jpg 1024w, https:\/\/cooperation.gouv.cd\/dev\/wp-content\/uploads\/2024\/09\/IMG-20240927-WA0059-300x200.jpg 300w, https:\/\/cooperation.gouv.cd\/dev\/wp-content\/uploads\/2024\/09\/IMG-20240927-WA0059-768x512.jpg 768w, https:\/\/cooperation.gouv.cd\/dev\/wp-content\/uploads\/2024\/09\/IMG-20240927-WA0059-1536x1023.jpg 1536w, https:\/\/cooperation.gouv.cd\/dev\/wp-content\/uploads\/2024\/09\/IMG-20240927-WA0059.jpg 1600w\" sizes=\"(max-width: 1024px) 100vw, 1024px\" \/><\/figure>\n<\/figure>\n","protected":false},"excerpt":{"rendered":"<p>Son Excellence Madame la Ministre D\u00e9l\u00e9gu\u00e9e en charge de la Coop\u00e9ration Internationale et Francophonie, Ma\u00eetre Bestine KAZADI DITABALA, a rencontr\u00e9, ce jeudi 12 septembre 2024, l\u2019Ambassadeur de la R\u00e9publique Arabe d\u2019\u00c9gypte en RDC, accompagn\u00e9 de deux de ses collaborateurs. Cette r\u00e9union a permis aux deux parties de faire le point sur les progr\u00e8s r\u00e9alis\u00e9s dans [&hellip;]<\/p>\n","protected":false},"author":2,"featured_media":526,"comment_status":"open","ping_status":"open","sticky":false,"template":"","format":"standard","meta":{"_eb_attr":"","_jetpack_memberships_contains_paid_content":false,"footnotes":""},"categories":[6,34],"tags":[],"class_list":["post-525","post","type-post","status-publish","format-standard","has-post-thumbnail","hentry","category-activites","category-cooperation-avec-legypte"],"yoast_head":"<!-- This site is optimized with the Yoast SEO plugin v25.6 - https:\/\/yoast.com\/wordpress\/plugins\/seo\/ -->\n<title>Audience RDC et \u00c9gypte - Ministre D\u00e9l\u00e9gu\u00e9e En Charge de la Coop\u00e9ration Internationale Et Francophonie<\/title>\n<meta name=\"robots\" content=\"index, follow, max-snippet:-1, max-image-preview:large, max-video-preview:-1\" \/>\n<link rel=\"canonical\" href=\"https:\/\/cooperation.gouv.cd\/dev\/2024\/09\/12\/audience-rdc-et-egypte\/\" \/>\n<meta property=\"og:locale\" content=\"fr_FR\" \/>\n<meta property=\"og:type\" content=\"article\" \/>\n<meta property=\"og:title\" content=\"Audience RDC et \u00c9gypte - Ministre D\u00e9l\u00e9gu\u00e9e En Charge de la Coop\u00e9ration Internationale Et Francophonie\" \/>\n<meta property=\"og:description\" content=\"Son Excellence Madame la Ministre D\u00e9l\u00e9gu\u00e9e en charge de la Coop\u00e9ration Internationale et Francophonie, Ma\u00eetre Bestine KAZADI DITABALA, a rencontr\u00e9, ce jeudi 12 septembre 2024, l\u2019Ambassadeur de la R\u00e9publique Arabe d\u2019\u00c9gypte en RDC, accompagn\u00e9 de deux de ses collaborateurs. Cette r\u00e9union a permis aux deux parties de faire le point sur les progr\u00e8s r\u00e9alis\u00e9s dans [&hellip;]\" \/>\n<meta property=\"og:url\" content=\"https:\/\/cooperation.gouv.cd\/dev\/2024\/09\/12\/audience-rdc-et-egypte\/\" \/>\n<meta property=\"og:site_name\" content=\"Ministre D\u00e9l\u00e9gu\u00e9e En Charge de la Coop\u00e9ration Internationale Et Francophonie\" \/>\n<meta property=\"article:publisher\" content=\"https:\/\/web.facebook.com\/profile.php?id=100064940047039\" \/>\n<meta property=\"article:published_time\" content=\"2024-09-12T19:43:14+00:00\" \/>\n<meta property=\"article:modified_time\" content=\"2025-08-07T10:36:33+00:00\" \/>\n<meta property=\"og:image\" content=\"https:\/\/cooperation.gouv.cd\/dev\/wp-content\/uploads\/2024\/09\/IMG-20240927-WA0047.jpg\" \/>\n\t<meta property=\"og:image:width\" content=\"1600\" \/>\n\t<meta property=\"og:image:height\" content=\"1066\" \/>\n\t<meta property=\"og:image:type\" content=\"image\/jpeg\" \/>\n<meta name=\"author\" content=\"Elie Tshingombe\" \/>\n<meta name=\"twitter:card\" content=\"summary_large_image\" \/>\n<meta name=\"twitter:creator\" content=\"@BestineKazadi\" \/>\n<meta name=\"twitter:site\" content=\"@BestineKazadi\" \/>\n<meta name=\"twitter:label1\" content=\"\u00c9crit par\" \/>\n\t<meta name=\"twitter:data1\" content=\"Elie Tshingombe\" \/>\n\t<meta name=\"twitter:label2\" content=\"Dur\u00e9e de lecture estim\u00e9e\" \/>\n\t<meta name=\"twitter:data2\" content=\"2 minutes\" \/>\n<script type=\"application\/ld+json\" class=\"yoast-schema-graph\">{\"@context\":\"https:\/\/schema.org\",\"@graph\":[{\"@type\":\"Article\",\"@id\":\"https:\/\/cooperation.gouv.cd\/dev\/2024\/09\/12\/audience-rdc-et-egypte\/#article\",\"isPartOf\":{\"@id\":\"https:\/\/cooperation.gouv.cd\/dev\/2024\/09\/12\/audience-rdc-et-egypte\/\"},\"author\":{\"name\":\"Elie Tshingombe\",\"@id\":\"https:\/\/cooperation.gouv.cd\/dev\/#\/schema\/person\/2ae9d7c527bf6a3bd84c9908a528632c\"},\"headline\":\"Audience RDC et \u00c9gypte\",\"datePublished\":\"2024-09-12T19:43:14+00:00\",\"dateModified\":\"2025-08-07T10:36:33+00:00\",\"mainEntityOfPage\":{\"@id\":\"https:\/\/cooperation.gouv.cd\/dev\/2024\/09\/12\/audience-rdc-et-egypte\/\"},\"wordCount\":190,\"commentCount\":0,\"publisher\":{\"@id\":\"https:\/\/cooperation.gouv.cd\/dev\/#organization\"},\"image\":{\"@id\":\"https:\/\/cooperation.gouv.cd\/dev\/2024\/09\/12\/audience-rdc-et-egypte\/#primaryimage\"},\"thumbnailUrl\":\"https:\/\/cooperation.gouv.cd\/dev\/wp-content\/uploads\/2024\/09\/IMG-20240927-WA0047.jpg\",\"articleSection\":[\"Actualit\u00e9s\",\"Coop\u00e9ration avec l'Egypte\"],\"inLanguage\":\"fr-FR\",\"potentialAction\":[{\"@type\":\"CommentAction\",\"name\":\"Comment\",\"target\":[\"https:\/\/cooperation.gouv.cd\/dev\/2024\/09\/12\/audience-rdc-et-egypte\/#respond\"]}]},{\"@type\":\"WebPage\",\"@id\":\"https:\/\/cooperation.gouv.cd\/dev\/2024\/09\/12\/audience-rdc-et-egypte\/\",\"url\":\"https:\/\/cooperation.gouv.cd\/dev\/2024\/09\/12\/audience-rdc-et-egypte\/\",\"name\":\"Audience RDC et \u00c9gypte - Ministre D\u00e9l\u00e9gu\u00e9e En Charge de la Coop\u00e9ration Internationale Et Francophonie\",\"isPartOf\":{\"@id\":\"https:\/\/cooperation.gouv.cd\/dev\/#website\"},\"primaryImageOfPage\":{\"@id\":\"https:\/\/cooperation.gouv.cd\/dev\/2024\/09\/12\/audience-rdc-et-egypte\/#primaryimage\"},\"image\":{\"@id\":\"https:\/\/cooperation.gouv.cd\/dev\/2024\/09\/12\/audience-rdc-et-egypte\/#primaryimage\"},\"thumbnailUrl\":\"https:\/\/cooperation.gouv.cd\/dev\/wp-content\/uploads\/2024\/09\/IMG-20240927-WA0047.jpg\",\"datePublished\":\"2024-09-12T19:43:14+00:00\",\"dateModified\":\"2025-08-07T10:36:33+00:00\",\"breadcrumb\":{\"@id\":\"https:\/\/cooperation.gouv.cd\/dev\/2024\/09\/12\/audience-rdc-et-egypte\/#breadcrumb\"},\"inLanguage\":\"fr-FR\",\"potentialAction\":[{\"@type\":\"ReadAction\",\"target\":[\"https:\/\/cooperation.gouv.cd\/dev\/2024\/09\/12\/audience-rdc-et-egypte\/\"]}]},{\"@type\":\"ImageObject\",\"inLanguage\":\"fr-FR\",\"@id\":\"https:\/\/cooperation.gouv.cd\/dev\/2024\/09\/12\/audience-rdc-et-egypte\/#primaryimage\",\"url\":\"https:\/\/cooperation.gouv.cd\/dev\/wp-content\/uploads\/2024\/09\/IMG-20240927-WA0047.jpg\",\"contentUrl\":\"https:\/\/cooperation.gouv.cd\/dev\/wp-content\/uploads\/2024\/09\/IMG-20240927-WA0047.jpg\",\"width\":1600,\"height\":1066},{\"@type\":\"BreadcrumbList\",\"@id\":\"https:\/\/cooperation.gouv.cd\/dev\/2024\/09\/12\/audience-rdc-et-egypte\/#breadcrumb\",\"itemListElement\":[{\"@type\":\"ListItem\",\"position\":1,\"name\":\"Accueil\",\"item\":\"https:\/\/cooperation.gouv.cd\/dev\/\"},{\"@type\":\"ListItem\",\"position\":2,\"name\":\"Audience RDC et \u00c9gypte\"}]},{\"@type\":\"WebSite\",\"@id\":\"https:\/\/cooperation.gouv.cd\/dev\/#website\",\"url\":\"https:\/\/cooperation.gouv.cd\/dev\/\",\"name\":\"Ministre D\u00e9l\u00e9gu\u00e9e En Charge de la Coop\u00e9ration Internationale Et Francophonie\",\"description\":\"Portail officiel du Ministre d\u00e9l\u00e9gu\u00e9 en charge de la Coop\u00e9ration internationale et de la Francophonie.\",\"publisher\":{\"@id\":\"https:\/\/cooperation.gouv.cd\/dev\/#organization\"},\"potentialAction\":[{\"@type\":\"SearchAction\",\"target\":{\"@type\":\"EntryPoint\",\"urlTemplate\":\"https:\/\/cooperation.gouv.cd\/dev\/?s={search_term_string}\"},\"query-input\":{\"@type\":\"PropertyValueSpecification\",\"valueRequired\":true,\"valueName\":\"search_term_string\"}}],\"inLanguage\":\"fr-FR\"},{\"@type\":\"Organization\",\"@id\":\"https:\/\/cooperation.gouv.cd\/dev\/#organization\",\"name\":\"Bestine Kazadi\",\"url\":\"https:\/\/cooperation.gouv.cd\/dev\/\",\"logo\":{\"@type\":\"ImageObject\",\"inLanguage\":\"fr-FR\",\"@id\":\"https:\/\/cooperation.gouv.cd\/dev\/#\/schema\/logo\/image\/\",\"url\":\"https:\/\/cooperation.gouv.cd\/dev\/wp-content\/uploads\/2024\/09\/cropped-logo-2.png\",\"contentUrl\":\"https:\/\/cooperation.gouv.cd\/dev\/wp-content\/uploads\/2024\/09\/cropped-logo-2.png\",\"width\":2499,\"height\":1166,\"caption\":\"Bestine Kazadi\"},\"image\":{\"@id\":\"https:\/\/cooperation.gouv.cd\/dev\/#\/schema\/logo\/image\/\"},\"sameAs\":[\"https:\/\/web.facebook.com\/profile.php?id=100064940047039\",\"https:\/\/x.com\/BestineKazadi\",\"https:\/\/www.youtube.com\/@CoopInternEtFrancophonie\",\"https:\/\/www.instagram.com\/bestine_kazadi\/\",\"https:\/\/whatsapp.com\/channel\/0029Vax83N8AojYzbHOjzx05\"]},{\"@type\":\"Person\",\"@id\":\"https:\/\/cooperation.gouv.cd\/dev\/#\/schema\/person\/2ae9d7c527bf6a3bd84c9908a528632c\",\"name\":\"Elie Tshingombe\",\"image\":{\"@type\":\"ImageObject\",\"inLanguage\":\"fr-FR\",\"@id\":\"https:\/\/cooperation.gouv.cd\/dev\/#\/schema\/person\/image\/\",\"url\":\"https:\/\/secure.gravatar.com\/avatar\/6c0799964d475999ae9baf49f3b1d6e7579eff8673327022e40455e31215e0c8?s=96&d=mm&r=g\",\"contentUrl\":\"https:\/\/secure.gravatar.com\/avatar\/6c0799964d475999ae9baf49f3b1d6e7579eff8673327022e40455e31215e0c8?s=96&d=mm&r=g\",\"caption\":\"Elie Tshingombe\"},\"sameAs\":[\"https:\/\/etasite-cd.web.app\/\"],\"url\":\"https:\/\/cooperation.gouv.cd\/dev\/author\/eleo7421\/\"}]}<\/script>\n<!-- \/ Yoast SEO plugin. -->","yoast_head_json":{"title":"Audience RDC et \u00c9gypte - Ministre D\u00e9l\u00e9gu\u00e9e En Charge de la Coop\u00e9ration Internationale Et Francophonie","robots":{"index":"index","follow":"follow","max-snippet":"max-snippet:-1","max-image-preview":"max-image-preview:large","max-video-preview":"max-video-preview:-1"},"canonical":"https:\/\/cooperation.gouv.cd\/dev\/2024\/09\/12\/audience-rdc-et-egypte\/","og_locale":"fr_FR","og_type":"article","og_title":"Audience RDC et \u00c9gypte - Ministre D\u00e9l\u00e9gu\u00e9e En Charge de la Coop\u00e9ration Internationale Et Francophonie","og_description":"Son Excellence Madame la Ministre D\u00e9l\u00e9gu\u00e9e en charge de la Coop\u00e9ration Internationale et Francophonie, Ma\u00eetre Bestine KAZADI DITABALA, a rencontr\u00e9, ce jeudi 12 septembre 2024, l\u2019Ambassadeur de la R\u00e9publique Arabe d\u2019\u00c9gypte en RDC, accompagn\u00e9 de deux de ses collaborateurs. Cette r\u00e9union a permis aux deux parties de faire le point sur les progr\u00e8s r\u00e9alis\u00e9s dans [&hellip;]","og_url":"https:\/\/cooperation.gouv.cd\/dev\/2024\/09\/12\/audience-rdc-et-egypte\/","og_site_name":"Ministre D\u00e9l\u00e9gu\u00e9e En Charge de la Coop\u00e9ration Internationale Et Francophonie","article_publisher":"https:\/\/web.facebook.com\/profile.php?id=100064940047039","article_published_time":"2024-09-12T19:43:14+00:00","article_modified_time":"2025-08-07T10:36:33+00:00","og_image":[{"width":1600,"height":1066,"url":"https:\/\/cooperation.gouv.cd\/dev\/wp-content\/uploads\/2024\/09\/IMG-20240927-WA0047.jpg","type":"image\/jpeg"}],"author":"Elie Tshingombe","twitter_card":"summary_large_image","twitter_creator":"@BestineKazadi","twitter_site":"@BestineKazadi","twitter_misc":{"\u00c9crit par":"Elie Tshingombe","Dur\u00e9e de lecture estim\u00e9e":"2 minutes"},"schema":{"@context":"https:\/\/schema.org","@graph":[{"@type":"Article","@id":"https:\/\/cooperation.gouv.cd\/dev\/2024\/09\/12\/audience-rdc-et-egypte\/#article","isPartOf":{"@id":"https:\/\/cooperation.gouv.cd\/dev\/2024\/09\/12\/audience-rdc-et-egypte\/"},"author":{"name":"Elie Tshingombe","@id":"https:\/\/cooperation.gouv.cd\/dev\/#\/schema\/person\/2ae9d7c527bf6a3bd84c9908a528632c"},"headline":"Audience RDC et \u00c9gypte","datePublished":"2024-09-12T19:43:14+00:00","dateModified":"2025-08-07T10:36:33+00:00","mainEntityOfPage":{"@id":"https:\/\/cooperation.gouv.cd\/dev\/2024\/09\/12\/audience-rdc-et-egypte\/"},"wordCount":190,"commentCount":0,"publisher":{"@id":"https:\/\/cooperation.gouv.cd\/dev\/#organization"},"image":{"@id":"https:\/\/cooperation.gouv.cd\/dev\/2024\/09\/12\/audience-rdc-et-egypte\/#primaryimage"},"thumbnailUrl":"https:\/\/cooperation.gouv.cd\/dev\/wp-content\/uploads\/2024\/09\/IMG-20240927-WA0047.jpg","articleSection":["Actualit\u00e9s","Coop\u00e9ration avec l'Egypte"],"inLanguage":"fr-FR","potentialAction":[{"@type":"CommentAction","name":"Comment","target":["https:\/\/cooperation.gouv.cd\/dev\/2024\/09\/12\/audience-rdc-et-egypte\/#respond"]}]},{"@type":"WebPage","@id":"https:\/\/cooperation.gouv.cd\/dev\/2024\/09\/12\/audience-rdc-et-egypte\/","url":"https:\/\/cooperation.gouv.cd\/dev\/2024\/09\/12\/audience-rdc-et-egypte\/","name":"Audience RDC et \u00c9gypte - Ministre D\u00e9l\u00e9gu\u00e9e En Charge de la Coop\u00e9ration Internationale Et Francophonie","isPartOf":{"@id":"https:\/\/cooperation.gouv.cd\/dev\/#website"},"primaryImageOfPage":{"@id":"https:\/\/cooperation.gouv.cd\/dev\/2024\/09\/12\/audience-rdc-et-egypte\/#primaryimage"},"image":{"@id":"https:\/\/cooperation.gouv.cd\/dev\/2024\/09\/12\/audience-rdc-et-egypte\/#primaryimage"},"thumbnailUrl":"https:\/\/cooperation.gouv.cd\/dev\/wp-content\/uploads\/2024\/09\/IMG-20240927-WA0047.jpg","datePublished":"2024-09-12T19:43:14+00:00","dateModified":"2025-08-07T10:36:33+00:00","breadcrumb":{"@id":"https:\/\/cooperation.gouv.cd\/dev\/2024\/09\/12\/audience-rdc-et-egypte\/#breadcrumb"},"inLanguage":"fr-FR","potentialAction":[{"@type":"ReadAction","target":["https:\/\/cooperation.gouv.cd\/dev\/2024\/09\/12\/audience-rdc-et-egypte\/"]}]},{"@type":"ImageObject","inLanguage":"fr-FR","@id":"https:\/\/cooperation.gouv.cd\/dev\/2024\/09\/12\/audience-rdc-et-egypte\/#primaryimage","url":"https:\/\/cooperation.gouv.cd\/dev\/wp-content\/uploads\/2024\/09\/IMG-20240927-WA0047.jpg","contentUrl":"https:\/\/cooperation.gouv.cd\/dev\/wp-content\/uploads\/2024\/09\/IMG-20240927-WA0047.jpg","width":1600,"height":1066},{"@type":"BreadcrumbList","@id":"https:\/\/cooperation.gouv.cd\/dev\/2024\/09\/12\/audience-rdc-et-egypte\/#breadcrumb","itemListElement":[{"@type":"ListItem","position":1,"name":"Accueil","item":"https:\/\/cooperation.gouv.cd\/dev\/"},{"@type":"ListItem","position":2,"name":"Audience RDC et \u00c9gypte"}]},{"@type":"WebSite","@id":"https:\/\/cooperation.gouv.cd\/dev\/#website","url":"https:\/\/cooperation.gouv.cd\/dev\/","name":"Ministre D\u00e9l\u00e9gu\u00e9e En Charge de la Coop\u00e9ration Internationale Et Francophonie","description":"Portail officiel du Ministre d\u00e9l\u00e9gu\u00e9 en charge de la Coop\u00e9ration internationale et de la Francophonie.","publisher":{"@id":"https:\/\/cooperation.gouv.cd\/dev\/#organization"},"potentialAction":[{"@type":"SearchAction","target":{"@type":"EntryPoint","urlTemplate":"https:\/\/cooperation.gouv.cd\/dev\/?s={search_term_string}"},"query-input":{"@type":"PropertyValueSpecification","valueRequired":true,"valueName":"search_term_string"}}],"inLanguage":"fr-FR"},{"@type":"Organization","@id":"https:\/\/cooperation.gouv.cd\/dev\/#organization","name":"Bestine Kazadi","url":"https:\/\/cooperation.gouv.cd\/dev\/","logo":{"@type":"ImageObject","inLanguage":"fr-FR","@id":"https:\/\/cooperation.gouv.cd\/dev\/#\/schema\/logo\/image\/","url":"https:\/\/cooperation.gouv.cd\/dev\/wp-content\/uploads\/2024\/09\/cropped-logo-2.png","contentUrl":"https:\/\/cooperation.gouv.cd\/dev\/wp-content\/uploads\/2024\/09\/cropped-logo-2.png","width":2499,"height":1166,"caption":"Bestine Kazadi"},"image":{"@id":"https:\/\/cooperation.gouv.cd\/dev\/#\/schema\/logo\/image\/"},"sameAs":["https:\/\/web.facebook.com\/profile.php?id=100064940047039","https:\/\/x.com\/BestineKazadi","https:\/\/www.youtube.com\/@CoopInternEtFrancophonie","https:\/\/www.instagram.com\/bestine_kazadi\/","https:\/\/whatsapp.com\/channel\/0029Vax83N8AojYzbHOjzx05"]},{"@type":"Person","@id":"https:\/\/cooperation.gouv.cd\/dev\/#\/schema\/person\/2ae9d7c527bf6a3bd84c9908a528632c","name":"Elie Tshingombe","image":{"@type":"ImageObject","inLanguage":"fr-FR","@id":"https:\/\/cooperation.gouv.cd\/dev\/#\/schema\/person\/image\/","url":"https:\/\/secure.gravatar.com\/avatar\/6c0799964d475999ae9baf49f3b1d6e7579eff8673327022e40455e31215e0c8?s=96&d=mm&r=g","contentUrl":"https:\/\/secure.gravatar.com\/avatar\/6c0799964d475999ae9baf49f3b1d6e7579eff8673327022e40455e31215e0c8?s=96&d=mm&r=g","caption":"Elie Tshingombe"},"sameAs":["https:\/\/etasite-cd.web.app\/"],"url":"https:\/\/cooperation.gouv.cd\/dev\/author\/eleo7421\/"}]}},"jetpack_featured_media_url":"https:\/\/cooperation.gouv.cd\/dev\/wp-content\/uploads\/2024\/09\/IMG-20240927-WA0047.jpg","jetpack_sharing_enabled":true,"_links":{"self":[{"href":"https:\/\/cooperation.gouv.cd\/dev\/wp-json\/wp\/v2\/posts\/525","targetHints":{"allow":["GET"]}}],"collection":[{"href":"https:\/\/cooperation.gouv.cd\/dev\/wp-json\/wp\/v2\/posts"}],"about":[{"href":"https:\/\/cooperation.gouv.cd\/dev\/wp-json\/wp\/v2\/types\/post"}],"author":[{"embeddable":true,"href":"https:\/\/cooperation.gouv.cd\/dev\/wp-json\/wp\/v2\/users\/2"}],"replies":[{"embeddable":true,"href":"https:\/\/cooperation.gouv.cd\/dev\/wp-json\/wp\/v2\/comments?post=525"}],"version-history":[{"count":2,"href":"https:\/\/cooperation.gouv.cd\/dev\/wp-json\/wp\/v2\/posts\/525\/revisions"}],"predecessor-version":[{"id":3630,"href":"https:\/\/cooperation.gouv.cd\/dev\/wp-json\/wp\/v2\/posts\/525\/revisions\/3630"}],"wp:featuredmedia":[{"embeddable":true,"href":"https:\/\/cooperation.gouv.cd\/dev\/wp-json\/wp\/v2\/media\/526"}],"wp:attachment":[{"href":"https:\/\/cooperation.gouv.cd\/dev\/wp-json\/wp\/v2\/media?parent=525"}],"wp:term":[{"taxonomy":"category","embeddable":true,"href":"https:\/\/cooperation.gouv.cd\/dev\/wp-json\/wp\/v2\/categories?post=525"},{"taxonomy":"post_tag","embeddable":true,"href":"https:\/\/cooperation.gouv.cd\/dev\/wp-json\/wp\/v2\/tags?post=525"}],"curies":[{"name":"wp","href":"https:\/\/api.w.org\/{rel}","templated":true}]}}