{"id":542,"date":"2024-08-28T22:03:03","date_gmt":"2024-08-28T20:03:03","guid":{"rendered":"https:\/\/cooperation.gouv.cd\/dev\/?p=542"},"modified":"2024-10-27T21:04:11","modified_gmt":"2024-10-27T20:04:11","slug":"signature-du-cadre-de-programmation-pays-entre-la-rdc-et-la-fao-actualise-et-reechelonne-jusquen-2024","status":"publish","type":"post","link":"https:\/\/cooperation.gouv.cd\/dev\/2024\/08\/28\/signature-du-cadre-de-programmation-pays-entre-la-rdc-et-la-fao-actualise-et-reechelonne-jusquen-2024\/","title":{"rendered":"Signature du Cadre de Programmation Pays entre la RDC et la FAO actualis\u00e9 et r\u00e9\u00e9chelonn\u00e9 jusqu&rsquo;en 2024"},"content":{"rendered":"\n<p>Ce mercredi 28 ao\u00fbt 2024, \u00e0 l\u2019immeuble du Gouvernement, la R\u00e9publique D\u00e9mocratique du Congo (RDC) et l&rsquo;Organisation des Nations Unies pour l&rsquo;alimentation et l&rsquo;agriculture (FAO) ont officialis\u00e9 la signature du Cadre de Programmation Pays (CPP) actualis\u00e9 et r\u00e9\u00e9chelonn\u00e9 jusqu\u2019en 2024. La c\u00e9r\u00e9monie, pr\u00e9sid\u00e9e par la ministre d\u00e9l\u00e9gu\u00e9e en charge de la coop\u00e9ration internationale et de la francophonie, Bestine Kazadi, et le repr\u00e9sentant pays de la FAO, a r\u00e9uni plusieurs hauts responsables, notamment les secr\u00e9taires g\u00e9n\u00e9raux \u00e0 la pr\u00e9sidence, \u00e0 la primature et des minist\u00e8res sectoriels impliqu\u00e9s dans les programmes de la FAO.<\/p>\n\n\n\n<figure class=\"wp-block-image size-large\"><img fetchpriority=\"high\" decoding=\"async\" width=\"1024\" height=\"682\" src=\"https:\/\/cooperation.gouv.cd\/dev\/wp-content\/uploads\/2024\/09\/IMG-20240926-WA0182-1024x682.jpg\" alt=\"\" class=\"wp-image-544\" srcset=\"https:\/\/cooperation.gouv.cd\/dev\/wp-content\/uploads\/2024\/09\/IMG-20240926-WA0182-1024x682.jpg 1024w, https:\/\/cooperation.gouv.cd\/dev\/wp-content\/uploads\/2024\/09\/IMG-20240926-WA0182-300x200.jpg 300w, https:\/\/cooperation.gouv.cd\/dev\/wp-content\/uploads\/2024\/09\/IMG-20240926-WA0182-768x512.jpg 768w, https:\/\/cooperation.gouv.cd\/dev\/wp-content\/uploads\/2024\/09\/IMG-20240926-WA0182-1536x1023.jpg 1536w, https:\/\/cooperation.gouv.cd\/dev\/wp-content\/uploads\/2024\/09\/IMG-20240926-WA0182.jpg 1600w\" sizes=\"(max-width: 1024px) 100vw, 1024px\" \/><\/figure>\n\n\n\n<p>Le CPP est un document strat\u00e9gique cl\u00e9 qui fixe les priorit\u00e9s nationales, les contributions attendues de la FAO, ainsi que les m\u00e9canismes de mise en \u0153uvre, de suivi et de communication pour les projets et programmes align\u00e9s sur la politique de d\u00e9veloppement de la RDC. Initialement sign\u00e9 en 2013, ce cadre a \u00e9t\u00e9 actualis\u00e9 pour mieux r\u00e9pondre aux nouveaux d\u00e9fis auxquels le pays fait face et est d\u00e9sormais prolong\u00e9 jusqu&rsquo;en 2024.<\/p>\n\n\n\n<p>Lors de la c\u00e9r\u00e9monie, la ministre Bestine Kazadi a exprim\u00e9 sa reconnaissance envers les agences des Nations Unies et les experts ayant contribu\u00e9 \u00e0 l&rsquo;\u00e9laboration de ce document fondamental. Elle a mis en avant la n\u00e9cessit\u00e9 d&rsquo;adapter les processus administratifs et les m\u00e9canismes de gouvernance pour garantir l&rsquo;efficacit\u00e9 de cette coop\u00e9ration. \u00ab\u00a0La mobilisation des ressources n&rsquo;est pas le seul d\u00e9fi. Notre administration et nos processus de gouvernance, de suivi et d\u2019\u00e9valuation doivent \u00eatre adapt\u00e9s pour assurer l\u2019efficacit\u00e9 de cette coop\u00e9ration,\u00a0\u00bb a-t-elle d\u00e9clar\u00e9.<\/p>\n\n\n\n<figure class=\"wp-block-image size-large\"><img decoding=\"async\" width=\"1024\" height=\"683\" src=\"https:\/\/cooperation.gouv.cd\/dev\/wp-content\/uploads\/2024\/09\/IMG-20240926-WA0178-1024x683.jpg\" alt=\"\" class=\"wp-image-545\" srcset=\"https:\/\/cooperation.gouv.cd\/dev\/wp-content\/uploads\/2024\/09\/IMG-20240926-WA0178-1024x683.jpg 1024w, https:\/\/cooperation.gouv.cd\/dev\/wp-content\/uploads\/2024\/09\/IMG-20240926-WA0178-300x200.jpg 300w, https:\/\/cooperation.gouv.cd\/dev\/wp-content\/uploads\/2024\/09\/IMG-20240926-WA0178-768x512.jpg 768w, https:\/\/cooperation.gouv.cd\/dev\/wp-content\/uploads\/2024\/09\/IMG-20240926-WA0178.jpg 1472w\" sizes=\"(max-width: 1024px) 100vw, 1024px\" \/><\/figure>\n\n\n\n<p>Le Cadre de Programmation Pays actualis\u00e9 met l&rsquo;accent sur le d\u00e9veloppement des fili\u00e8res agricoles et halieutiques, ainsi que sur la gestion durable des ressources naturelles. Il vise \u00e9galement \u00e0 renforcer les moyens de subsistance des populations vuln\u00e9rables face \u00e0 l&rsquo;ins\u00e9curit\u00e9 alimentaire, tout en int\u00e9grant des actions pour s&rsquo;adapter aux risques climatiques.<\/p>\n\n\n\n<p>La ministre a \u00e9galement salu\u00e9 l&rsquo;engagement de la FAO dans l&rsquo;int\u00e9gration des nouvelles technologies de l&rsquo;information pour am\u00e9liorer les syst\u00e8mes de collecte et d&rsquo;analyse statistiques. Ces technologies sont jug\u00e9es essentielles pour le suivi et la pr\u00e9vention des risques environnementaux, forestiers et alimentaires. \u00ab\u00a0L&rsquo;utilisation de technologies avanc\u00e9es telles que le Big Data et l&rsquo;intelligence artificielle dans les processus de d\u00e9veloppement des syst\u00e8mes nationaux est primordiale pour anticiper les maladies des plantes, surveiller la qualit\u00e9 de l&rsquo;eau, g\u00e9rer les stocks alimentaires et garantir une cha\u00eene d&rsquo;approvisionnement r\u00e9siliente,\u00a0\u00bb a-t-elle affirm\u00e9.<\/p>\n\n\n\n<p>Pour conclure, la ministre a appel\u00e9 \u00e0 une synergie accrue entre les parties prenantes afin d&rsquo;assurer la mise en \u0153uvre efficace des projets d\u00e9coulant de ce partenariat strat\u00e9gique, soulignant que cet accord renouvel\u00e9 repr\u00e9sente une opportunit\u00e9 cruciale pour le d\u00e9veloppement agricole et environnemental de la RDC.<\/p>\n\n\n\n<figure class=\"wp-block-gallery has-nested-images columns-default is-cropped wp-block-gallery-1 is-layout-flex wp-block-gallery-is-layout-flex\">\n<figure class=\"wp-block-image size-large\"><img decoding=\"async\" width=\"1024\" height=\"683\" data-id=\"546\" src=\"https:\/\/cooperation.gouv.cd\/dev\/wp-content\/uploads\/2024\/09\/IMG-20240926-WA0175-1024x683.jpg\" alt=\"\" class=\"wp-image-546\" srcset=\"https:\/\/cooperation.gouv.cd\/dev\/wp-content\/uploads\/2024\/09\/IMG-20240926-WA0175-1024x683.jpg 1024w, https:\/\/cooperation.gouv.cd\/dev\/wp-content\/uploads\/2024\/09\/IMG-20240926-WA0175-300x200.jpg 300w, https:\/\/cooperation.gouv.cd\/dev\/wp-content\/uploads\/2024\/09\/IMG-20240926-WA0175-768x512.jpg 768w, https:\/\/cooperation.gouv.cd\/dev\/wp-content\/uploads\/2024\/09\/IMG-20240926-WA0175.jpg 1472w\" sizes=\"(max-width: 1024px) 100vw, 1024px\" \/><\/figure>\n\n\n\n<figure class=\"wp-block-image size-large\"><img loading=\"lazy\" decoding=\"async\" width=\"1024\" height=\"683\" data-id=\"548\" src=\"https:\/\/cooperation.gouv.cd\/dev\/wp-content\/uploads\/2024\/09\/IMG-20240926-WA0179-1024x683.jpg\" alt=\"\" class=\"wp-image-548\" srcset=\"https:\/\/cooperation.gouv.cd\/dev\/wp-content\/uploads\/2024\/09\/IMG-20240926-WA0179-1024x683.jpg 1024w, https:\/\/cooperation.gouv.cd\/dev\/wp-content\/uploads\/2024\/09\/IMG-20240926-WA0179-300x200.jpg 300w, https:\/\/cooperation.gouv.cd\/dev\/wp-content\/uploads\/2024\/09\/IMG-20240926-WA0179-768x512.jpg 768w, https:\/\/cooperation.gouv.cd\/dev\/wp-content\/uploads\/2024\/09\/IMG-20240926-WA0179.jpg 1472w\" sizes=\"(max-width: 1024px) 100vw, 1024px\" \/><\/figure>\n\n\n\n<figure class=\"wp-block-image size-large\"><img loading=\"lazy\" decoding=\"async\" width=\"1024\" height=\"682\" data-id=\"547\" src=\"https:\/\/cooperation.gouv.cd\/dev\/wp-content\/uploads\/2024\/09\/IMG-20240926-WA0186-1024x682.jpg\" alt=\"\" class=\"wp-image-547\" srcset=\"https:\/\/cooperation.gouv.cd\/dev\/wp-content\/uploads\/2024\/09\/IMG-20240926-WA0186-1024x682.jpg 1024w, https:\/\/cooperation.gouv.cd\/dev\/wp-content\/uploads\/2024\/09\/IMG-20240926-WA0186-300x200.jpg 300w, https:\/\/cooperation.gouv.cd\/dev\/wp-content\/uploads\/2024\/09\/IMG-20240926-WA0186-768x512.jpg 768w, https:\/\/cooperation.gouv.cd\/dev\/wp-content\/uploads\/2024\/09\/IMG-20240926-WA0186-1536x1023.jpg 1536w, https:\/\/cooperation.gouv.cd\/dev\/wp-content\/uploads\/2024\/09\/IMG-20240926-WA0186.jpg 1600w\" sizes=\"(max-width: 1024px) 100vw, 1024px\" \/><\/figure>\n<\/figure>\n","protected":false},"excerpt":{"rendered":"<p>Ce mercredi 28 ao\u00fbt 2024, \u00e0 l\u2019immeuble du Gouvernement, la R\u00e9publique D\u00e9mocratique du Congo (RDC) et l&rsquo;Organisation des Nations Unies pour l&rsquo;alimentation et l&rsquo;agriculture (FAO) ont officialis\u00e9 la signature du Cadre de Programmation Pays (CPP) actualis\u00e9 et r\u00e9\u00e9chelonn\u00e9 jusqu\u2019en 2024. La c\u00e9r\u00e9monie, pr\u00e9sid\u00e9e par la ministre d\u00e9l\u00e9gu\u00e9e en charge de la coop\u00e9ration internationale et de [&hellip;]<\/p>\n","protected":false},"author":2,"featured_media":543,"comment_status":"open","ping_status":"open","sticky":false,"template":"","format":"standard","meta":{"_eb_attr":"","_jetpack_memberships_contains_paid_content":false,"footnotes":""},"categories":[6,36],"tags":[],"class_list":["post-542","post","type-post","status-publish","format-standard","has-post-thumbnail","hentry","category-activites","category-cooperation-avec-le-fao"],"yoast_head":"<!-- This site is optimized with the Yoast SEO plugin v25.6 - https:\/\/yoast.com\/wordpress\/plugins\/seo\/ -->\n<title>Signature du Cadre de Programmation Pays entre la RDC et la FAO actualis\u00e9 et r\u00e9\u00e9chelonn\u00e9 jusqu&#039;en 2024 - Ministre D\u00e9l\u00e9gu\u00e9e En Charge de la Coop\u00e9ration Internationale Et Francophonie<\/title>\n<meta name=\"robots\" content=\"index, follow, max-snippet:-1, max-image-preview:large, max-video-preview:-1\" \/>\n<link rel=\"canonical\" href=\"https:\/\/cooperation.gouv.cd\/dev\/2024\/08\/28\/signature-du-cadre-de-programmation-pays-entre-la-rdc-et-la-fao-actualise-et-reechelonne-jusquen-2024\/\" \/>\n<meta property=\"og:locale\" content=\"fr_FR\" \/>\n<meta property=\"og:type\" content=\"article\" \/>\n<meta property=\"og:title\" content=\"Signature du Cadre de Programmation Pays entre la RDC et la FAO actualis\u00e9 et r\u00e9\u00e9chelonn\u00e9 jusqu&#039;en 2024 - Ministre D\u00e9l\u00e9gu\u00e9e En Charge de la Coop\u00e9ration Internationale Et Francophonie\" \/>\n<meta property=\"og:description\" content=\"Ce mercredi 28 ao\u00fbt 2024, \u00e0 l\u2019immeuble du Gouvernement, la R\u00e9publique D\u00e9mocratique du Congo (RDC) et l&rsquo;Organisation des Nations Unies pour l&rsquo;alimentation et l&rsquo;agriculture (FAO) ont officialis\u00e9 la signature du Cadre de Programmation Pays (CPP) actualis\u00e9 et r\u00e9\u00e9chelonn\u00e9 jusqu\u2019en 2024. La c\u00e9r\u00e9monie, pr\u00e9sid\u00e9e par la ministre d\u00e9l\u00e9gu\u00e9e en charge de la coop\u00e9ration internationale et de [&hellip;]\" \/>\n<meta property=\"og:url\" content=\"https:\/\/cooperation.gouv.cd\/dev\/2024\/08\/28\/signature-du-cadre-de-programmation-pays-entre-la-rdc-et-la-fao-actualise-et-reechelonne-jusquen-2024\/\" \/>\n<meta property=\"og:site_name\" content=\"Ministre D\u00e9l\u00e9gu\u00e9e En Charge de la Coop\u00e9ration Internationale Et Francophonie\" \/>\n<meta property=\"article:publisher\" content=\"https:\/\/web.facebook.com\/profile.php?id=100064940047039\" \/>\n<meta property=\"article:published_time\" content=\"2024-08-28T20:03:03+00:00\" \/>\n<meta property=\"article:modified_time\" content=\"2024-10-27T20:04:11+00:00\" \/>\n<meta property=\"og:image\" content=\"https:\/\/cooperation.gouv.cd\/dev\/wp-content\/uploads\/2024\/09\/IMG-20240926-WA0168.jpg\" \/>\n\t<meta property=\"og:image:width\" content=\"1472\" \/>\n\t<meta property=\"og:image:height\" content=\"982\" \/>\n\t<meta property=\"og:image:type\" content=\"image\/jpeg\" \/>\n<meta name=\"author\" content=\"Elie Tshingombe\" \/>\n<meta name=\"twitter:card\" content=\"summary_large_image\" \/>\n<meta name=\"twitter:creator\" content=\"@BestineKazadi\" \/>\n<meta name=\"twitter:site\" content=\"@BestineKazadi\" \/>\n<meta name=\"twitter:label1\" content=\"\u00c9crit par\" \/>\n\t<meta name=\"twitter:data1\" content=\"Elie Tshingombe\" \/>\n\t<meta name=\"twitter:label2\" content=\"Dur\u00e9e de lecture estim\u00e9e\" \/>\n\t<meta name=\"twitter:data2\" content=\"2 minutes\" \/>\n<script type=\"application\/ld+json\" class=\"yoast-schema-graph\">{\"@context\":\"https:\/\/schema.org\",\"@graph\":[{\"@type\":\"Article\",\"@id\":\"https:\/\/cooperation.gouv.cd\/dev\/2024\/08\/28\/signature-du-cadre-de-programmation-pays-entre-la-rdc-et-la-fao-actualise-et-reechelonne-jusquen-2024\/#article\",\"isPartOf\":{\"@id\":\"https:\/\/cooperation.gouv.cd\/dev\/2024\/08\/28\/signature-du-cadre-de-programmation-pays-entre-la-rdc-et-la-fao-actualise-et-reechelonne-jusquen-2024\/\"},\"author\":{\"name\":\"Elie Tshingombe\",\"@id\":\"https:\/\/cooperation.gouv.cd\/dev\/#\/schema\/person\/2ae9d7c527bf6a3bd84c9908a528632c\"},\"headline\":\"Signature du Cadre de Programmation Pays entre la RDC et la FAO actualis\u00e9 et r\u00e9\u00e9chelonn\u00e9 jusqu&rsquo;en 2024\",\"datePublished\":\"2024-08-28T20:03:03+00:00\",\"dateModified\":\"2024-10-27T20:04:11+00:00\",\"mainEntityOfPage\":{\"@id\":\"https:\/\/cooperation.gouv.cd\/dev\/2024\/08\/28\/signature-du-cadre-de-programmation-pays-entre-la-rdc-et-la-fao-actualise-et-reechelonne-jusquen-2024\/\"},\"wordCount\":516,\"commentCount\":0,\"publisher\":{\"@id\":\"https:\/\/cooperation.gouv.cd\/dev\/#organization\"},\"image\":{\"@id\":\"https:\/\/cooperation.gouv.cd\/dev\/2024\/08\/28\/signature-du-cadre-de-programmation-pays-entre-la-rdc-et-la-fao-actualise-et-reechelonne-jusquen-2024\/#primaryimage\"},\"thumbnailUrl\":\"https:\/\/cooperation.gouv.cd\/dev\/wp-content\/uploads\/2024\/09\/IMG-20240926-WA0168.jpg\",\"articleSection\":[\"Actualit\u00e9s\",\"Coop\u00e9ration avec le FAO\"],\"inLanguage\":\"fr-FR\",\"potentialAction\":[{\"@type\":\"CommentAction\",\"name\":\"Comment\",\"target\":[\"https:\/\/cooperation.gouv.cd\/dev\/2024\/08\/28\/signature-du-cadre-de-programmation-pays-entre-la-rdc-et-la-fao-actualise-et-reechelonne-jusquen-2024\/#respond\"]}]},{\"@type\":\"WebPage\",\"@id\":\"https:\/\/cooperation.gouv.cd\/dev\/2024\/08\/28\/signature-du-cadre-de-programmation-pays-entre-la-rdc-et-la-fao-actualise-et-reechelonne-jusquen-2024\/\",\"url\":\"https:\/\/cooperation.gouv.cd\/dev\/2024\/08\/28\/signature-du-cadre-de-programmation-pays-entre-la-rdc-et-la-fao-actualise-et-reechelonne-jusquen-2024\/\",\"name\":\"Signature du Cadre de Programmation Pays entre la RDC et la FAO actualis\u00e9 et r\u00e9\u00e9chelonn\u00e9 jusqu'en 2024 - Ministre D\u00e9l\u00e9gu\u00e9e En Charge de la Coop\u00e9ration Internationale Et Francophonie\",\"isPartOf\":{\"@id\":\"https:\/\/cooperation.gouv.cd\/dev\/#website\"},\"primaryImageOfPage\":{\"@id\":\"https:\/\/cooperation.gouv.cd\/dev\/2024\/08\/28\/signature-du-cadre-de-programmation-pays-entre-la-rdc-et-la-fao-actualise-et-reechelonne-jusquen-2024\/#primaryimage\"},\"image\":{\"@id\":\"https:\/\/cooperation.gouv.cd\/dev\/2024\/08\/28\/signature-du-cadre-de-programmation-pays-entre-la-rdc-et-la-fao-actualise-et-reechelonne-jusquen-2024\/#primaryimage\"},\"thumbnailUrl\":\"https:\/\/cooperation.gouv.cd\/dev\/wp-content\/uploads\/2024\/09\/IMG-20240926-WA0168.jpg\",\"datePublished\":\"2024-08-28T20:03:03+00:00\",\"dateModified\":\"2024-10-27T20:04:11+00:00\",\"breadcrumb\":{\"@id\":\"https:\/\/cooperation.gouv.cd\/dev\/2024\/08\/28\/signature-du-cadre-de-programmation-pays-entre-la-rdc-et-la-fao-actualise-et-reechelonne-jusquen-2024\/#breadcrumb\"},\"inLanguage\":\"fr-FR\",\"potentialAction\":[{\"@type\":\"ReadAction\",\"target\":[\"https:\/\/cooperation.gouv.cd\/dev\/2024\/08\/28\/signature-du-cadre-de-programmation-pays-entre-la-rdc-et-la-fao-actualise-et-reechelonne-jusquen-2024\/\"]}]},{\"@type\":\"ImageObject\",\"inLanguage\":\"fr-FR\",\"@id\":\"https:\/\/cooperation.gouv.cd\/dev\/2024\/08\/28\/signature-du-cadre-de-programmation-pays-entre-la-rdc-et-la-fao-actualise-et-reechelonne-jusquen-2024\/#primaryimage\",\"url\":\"https:\/\/cooperation.gouv.cd\/dev\/wp-content\/uploads\/2024\/09\/IMG-20240926-WA0168.jpg\",\"contentUrl\":\"https:\/\/cooperation.gouv.cd\/dev\/wp-content\/uploads\/2024\/09\/IMG-20240926-WA0168.jpg\",\"width\":1472,\"height\":982},{\"@type\":\"BreadcrumbList\",\"@id\":\"https:\/\/cooperation.gouv.cd\/dev\/2024\/08\/28\/signature-du-cadre-de-programmation-pays-entre-la-rdc-et-la-fao-actualise-et-reechelonne-jusquen-2024\/#breadcrumb\",\"itemListElement\":[{\"@type\":\"ListItem\",\"position\":1,\"name\":\"Accueil\",\"item\":\"https:\/\/cooperation.gouv.cd\/dev\/\"},{\"@type\":\"ListItem\",\"position\":2,\"name\":\"Signature du Cadre de Programmation Pays entre la RDC et la FAO actualis\u00e9 et r\u00e9\u00e9chelonn\u00e9 jusqu&rsquo;en 2024\"}]},{\"@type\":\"WebSite\",\"@id\":\"https:\/\/cooperation.gouv.cd\/dev\/#website\",\"url\":\"https:\/\/cooperation.gouv.cd\/dev\/\",\"name\":\"Ministre D\u00e9l\u00e9gu\u00e9e En Charge de la Coop\u00e9ration Internationale Et Francophonie\",\"description\":\"Portail officiel du Ministre d\u00e9l\u00e9gu\u00e9 en charge de la Coop\u00e9ration internationale et de la Francophonie.\",\"publisher\":{\"@id\":\"https:\/\/cooperation.gouv.cd\/dev\/#organization\"},\"potentialAction\":[{\"@type\":\"SearchAction\",\"target\":{\"@type\":\"EntryPoint\",\"urlTemplate\":\"https:\/\/cooperation.gouv.cd\/dev\/?s={search_term_string}\"},\"query-input\":{\"@type\":\"PropertyValueSpecification\",\"valueRequired\":true,\"valueName\":\"search_term_string\"}}],\"inLanguage\":\"fr-FR\"},{\"@type\":\"Organization\",\"@id\":\"https:\/\/cooperation.gouv.cd\/dev\/#organization\",\"name\":\"Bestine Kazadi\",\"url\":\"https:\/\/cooperation.gouv.cd\/dev\/\",\"logo\":{\"@type\":\"ImageObject\",\"inLanguage\":\"fr-FR\",\"@id\":\"https:\/\/cooperation.gouv.cd\/dev\/#\/schema\/logo\/image\/\",\"url\":\"https:\/\/cooperation.gouv.cd\/dev\/wp-content\/uploads\/2024\/09\/cropped-logo-2.png\",\"contentUrl\":\"https:\/\/cooperation.gouv.cd\/dev\/wp-content\/uploads\/2024\/09\/cropped-logo-2.png\",\"width\":2499,\"height\":1166,\"caption\":\"Bestine Kazadi\"},\"image\":{\"@id\":\"https:\/\/cooperation.gouv.cd\/dev\/#\/schema\/logo\/image\/\"},\"sameAs\":[\"https:\/\/web.facebook.com\/profile.php?id=100064940047039\",\"https:\/\/x.com\/BestineKazadi\",\"https:\/\/www.youtube.com\/@CoopInternEtFrancophonie\",\"https:\/\/www.instagram.com\/bestine_kazadi\/\",\"https:\/\/whatsapp.com\/channel\/0029Vax83N8AojYzbHOjzx05\"]},{\"@type\":\"Person\",\"@id\":\"https:\/\/cooperation.gouv.cd\/dev\/#\/schema\/person\/2ae9d7c527bf6a3bd84c9908a528632c\",\"name\":\"Elie Tshingombe\",\"image\":{\"@type\":\"ImageObject\",\"inLanguage\":\"fr-FR\",\"@id\":\"https:\/\/cooperation.gouv.cd\/dev\/#\/schema\/person\/image\/\",\"url\":\"https:\/\/secure.gravatar.com\/avatar\/6c0799964d475999ae9baf49f3b1d6e7579eff8673327022e40455e31215e0c8?s=96&d=mm&r=g\",\"contentUrl\":\"https:\/\/secure.gravatar.com\/avatar\/6c0799964d475999ae9baf49f3b1d6e7579eff8673327022e40455e31215e0c8?s=96&d=mm&r=g\",\"caption\":\"Elie Tshingombe\"},\"sameAs\":[\"https:\/\/etasite-cd.web.app\/\"],\"url\":\"https:\/\/cooperation.gouv.cd\/dev\/author\/eleo7421\/\"}]}<\/script>\n<!-- \/ Yoast SEO plugin. -->","yoast_head_json":{"title":"Signature du Cadre de Programmation Pays entre la RDC et la FAO actualis\u00e9 et r\u00e9\u00e9chelonn\u00e9 jusqu'en 2024 - Ministre D\u00e9l\u00e9gu\u00e9e En Charge de la Coop\u00e9ration Internationale Et Francophonie","robots":{"index":"index","follow":"follow","max-snippet":"max-snippet:-1","max-image-preview":"max-image-preview:large","max-video-preview":"max-video-preview:-1"},"canonical":"https:\/\/cooperation.gouv.cd\/dev\/2024\/08\/28\/signature-du-cadre-de-programmation-pays-entre-la-rdc-et-la-fao-actualise-et-reechelonne-jusquen-2024\/","og_locale":"fr_FR","og_type":"article","og_title":"Signature du Cadre de Programmation Pays entre la RDC et la FAO actualis\u00e9 et r\u00e9\u00e9chelonn\u00e9 jusqu'en 2024 - Ministre D\u00e9l\u00e9gu\u00e9e En Charge de la Coop\u00e9ration Internationale Et Francophonie","og_description":"Ce mercredi 28 ao\u00fbt 2024, \u00e0 l\u2019immeuble du Gouvernement, la R\u00e9publique D\u00e9mocratique du Congo (RDC) et l&rsquo;Organisation des Nations Unies pour l&rsquo;alimentation et l&rsquo;agriculture (FAO) ont officialis\u00e9 la signature du Cadre de Programmation Pays (CPP) actualis\u00e9 et r\u00e9\u00e9chelonn\u00e9 jusqu\u2019en 2024. La c\u00e9r\u00e9monie, pr\u00e9sid\u00e9e par la ministre d\u00e9l\u00e9gu\u00e9e en charge de la coop\u00e9ration internationale et de [&hellip;]","og_url":"https:\/\/cooperation.gouv.cd\/dev\/2024\/08\/28\/signature-du-cadre-de-programmation-pays-entre-la-rdc-et-la-fao-actualise-et-reechelonne-jusquen-2024\/","og_site_name":"Ministre D\u00e9l\u00e9gu\u00e9e En Charge de la Coop\u00e9ration Internationale Et Francophonie","article_publisher":"https:\/\/web.facebook.com\/profile.php?id=100064940047039","article_published_time":"2024-08-28T20:03:03+00:00","article_modified_time":"2024-10-27T20:04:11+00:00","og_image":[{"width":1472,"height":982,"url":"https:\/\/cooperation.gouv.cd\/dev\/wp-content\/uploads\/2024\/09\/IMG-20240926-WA0168.jpg","type":"image\/jpeg"}],"author":"Elie Tshingombe","twitter_card":"summary_large_image","twitter_creator":"@BestineKazadi","twitter_site":"@BestineKazadi","twitter_misc":{"\u00c9crit par":"Elie Tshingombe","Dur\u00e9e de lecture estim\u00e9e":"2 minutes"},"schema":{"@context":"https:\/\/schema.org","@graph":[{"@type":"Article","@id":"https:\/\/cooperation.gouv.cd\/dev\/2024\/08\/28\/signature-du-cadre-de-programmation-pays-entre-la-rdc-et-la-fao-actualise-et-reechelonne-jusquen-2024\/#article","isPartOf":{"@id":"https:\/\/cooperation.gouv.cd\/dev\/2024\/08\/28\/signature-du-cadre-de-programmation-pays-entre-la-rdc-et-la-fao-actualise-et-reechelonne-jusquen-2024\/"},"author":{"name":"Elie Tshingombe","@id":"https:\/\/cooperation.gouv.cd\/dev\/#\/schema\/person\/2ae9d7c527bf6a3bd84c9908a528632c"},"headline":"Signature du Cadre de Programmation Pays entre la RDC et la FAO actualis\u00e9 et r\u00e9\u00e9chelonn\u00e9 jusqu&rsquo;en 2024","datePublished":"2024-08-28T20:03:03+00:00","dateModified":"2024-10-27T20:04:11+00:00","mainEntityOfPage":{"@id":"https:\/\/cooperation.gouv.cd\/dev\/2024\/08\/28\/signature-du-cadre-de-programmation-pays-entre-la-rdc-et-la-fao-actualise-et-reechelonne-jusquen-2024\/"},"wordCount":516,"commentCount":0,"publisher":{"@id":"https:\/\/cooperation.gouv.cd\/dev\/#organization"},"image":{"@id":"https:\/\/cooperation.gouv.cd\/dev\/2024\/08\/28\/signature-du-cadre-de-programmation-pays-entre-la-rdc-et-la-fao-actualise-et-reechelonne-jusquen-2024\/#primaryimage"},"thumbnailUrl":"https:\/\/cooperation.gouv.cd\/dev\/wp-content\/uploads\/2024\/09\/IMG-20240926-WA0168.jpg","articleSection":["Actualit\u00e9s","Coop\u00e9ration avec le FAO"],"inLanguage":"fr-FR","potentialAction":[{"@type":"CommentAction","name":"Comment","target":["https:\/\/cooperation.gouv.cd\/dev\/2024\/08\/28\/signature-du-cadre-de-programmation-pays-entre-la-rdc-et-la-fao-actualise-et-reechelonne-jusquen-2024\/#respond"]}]},{"@type":"WebPage","@id":"https:\/\/cooperation.gouv.cd\/dev\/2024\/08\/28\/signature-du-cadre-de-programmation-pays-entre-la-rdc-et-la-fao-actualise-et-reechelonne-jusquen-2024\/","url":"https:\/\/cooperation.gouv.cd\/dev\/2024\/08\/28\/signature-du-cadre-de-programmation-pays-entre-la-rdc-et-la-fao-actualise-et-reechelonne-jusquen-2024\/","name":"Signature du Cadre de Programmation Pays entre la RDC et la FAO actualis\u00e9 et r\u00e9\u00e9chelonn\u00e9 jusqu'en 2024 - Ministre D\u00e9l\u00e9gu\u00e9e En Charge de la Coop\u00e9ration Internationale Et Francophonie","isPartOf":{"@id":"https:\/\/cooperation.gouv.cd\/dev\/#website"},"primaryImageOfPage":{"@id":"https:\/\/cooperation.gouv.cd\/dev\/2024\/08\/28\/signature-du-cadre-de-programmation-pays-entre-la-rdc-et-la-fao-actualise-et-reechelonne-jusquen-2024\/#primaryimage"},"image":{"@id":"https:\/\/cooperation.gouv.cd\/dev\/2024\/08\/28\/signature-du-cadre-de-programmation-pays-entre-la-rdc-et-la-fao-actualise-et-reechelonne-jusquen-2024\/#primaryimage"},"thumbnailUrl":"https:\/\/cooperation.gouv.cd\/dev\/wp-content\/uploads\/2024\/09\/IMG-20240926-WA0168.jpg","datePublished":"2024-08-28T20:03:03+00:00","dateModified":"2024-10-27T20:04:11+00:00","breadcrumb":{"@id":"https:\/\/cooperation.gouv.cd\/dev\/2024\/08\/28\/signature-du-cadre-de-programmation-pays-entre-la-rdc-et-la-fao-actualise-et-reechelonne-jusquen-2024\/#breadcrumb"},"inLanguage":"fr-FR","potentialAction":[{"@type":"ReadAction","target":["https:\/\/cooperation.gouv.cd\/dev\/2024\/08\/28\/signature-du-cadre-de-programmation-pays-entre-la-rdc-et-la-fao-actualise-et-reechelonne-jusquen-2024\/"]}]},{"@type":"ImageObject","inLanguage":"fr-FR","@id":"https:\/\/cooperation.gouv.cd\/dev\/2024\/08\/28\/signature-du-cadre-de-programmation-pays-entre-la-rdc-et-la-fao-actualise-et-reechelonne-jusquen-2024\/#primaryimage","url":"https:\/\/cooperation.gouv.cd\/dev\/wp-content\/uploads\/2024\/09\/IMG-20240926-WA0168.jpg","contentUrl":"https:\/\/cooperation.gouv.cd\/dev\/wp-content\/uploads\/2024\/09\/IMG-20240926-WA0168.jpg","width":1472,"height":982},{"@type":"BreadcrumbList","@id":"https:\/\/cooperation.gouv.cd\/dev\/2024\/08\/28\/signature-du-cadre-de-programmation-pays-entre-la-rdc-et-la-fao-actualise-et-reechelonne-jusquen-2024\/#breadcrumb","itemListElement":[{"@type":"ListItem","position":1,"name":"Accueil","item":"https:\/\/cooperation.gouv.cd\/dev\/"},{"@type":"ListItem","position":2,"name":"Signature du Cadre de Programmation Pays entre la RDC et la FAO actualis\u00e9 et r\u00e9\u00e9chelonn\u00e9 jusqu&rsquo;en 2024"}]},{"@type":"WebSite","@id":"https:\/\/cooperation.gouv.cd\/dev\/#website","url":"https:\/\/cooperation.gouv.cd\/dev\/","name":"Ministre D\u00e9l\u00e9gu\u00e9e En Charge de la Coop\u00e9ration Internationale Et Francophonie","description":"Portail officiel du Ministre d\u00e9l\u00e9gu\u00e9 en charge de la Coop\u00e9ration internationale et de la Francophonie.","publisher":{"@id":"https:\/\/cooperation.gouv.cd\/dev\/#organization"},"potentialAction":[{"@type":"SearchAction","target":{"@type":"EntryPoint","urlTemplate":"https:\/\/cooperation.gouv.cd\/dev\/?s={search_term_string}"},"query-input":{"@type":"PropertyValueSpecification","valueRequired":true,"valueName":"search_term_string"}}],"inLanguage":"fr-FR"},{"@type":"Organization","@id":"https:\/\/cooperation.gouv.cd\/dev\/#organization","name":"Bestine Kazadi","url":"https:\/\/cooperation.gouv.cd\/dev\/","logo":{"@type":"ImageObject","inLanguage":"fr-FR","@id":"https:\/\/cooperation.gouv.cd\/dev\/#\/schema\/logo\/image\/","url":"https:\/\/cooperation.gouv.cd\/dev\/wp-content\/uploads\/2024\/09\/cropped-logo-2.png","contentUrl":"https:\/\/cooperation.gouv.cd\/dev\/wp-content\/uploads\/2024\/09\/cropped-logo-2.png","width":2499,"height":1166,"caption":"Bestine Kazadi"},"image":{"@id":"https:\/\/cooperation.gouv.cd\/dev\/#\/schema\/logo\/image\/"},"sameAs":["https:\/\/web.facebook.com\/profile.php?id=100064940047039","https:\/\/x.com\/BestineKazadi","https:\/\/www.youtube.com\/@CoopInternEtFrancophonie","https:\/\/www.instagram.com\/bestine_kazadi\/","https:\/\/whatsapp.com\/channel\/0029Vax83N8AojYzbHOjzx05"]},{"@type":"Person","@id":"https:\/\/cooperation.gouv.cd\/dev\/#\/schema\/person\/2ae9d7c527bf6a3bd84c9908a528632c","name":"Elie Tshingombe","image":{"@type":"ImageObject","inLanguage":"fr-FR","@id":"https:\/\/cooperation.gouv.cd\/dev\/#\/schema\/person\/image\/","url":"https:\/\/secure.gravatar.com\/avatar\/6c0799964d475999ae9baf49f3b1d6e7579eff8673327022e40455e31215e0c8?s=96&d=mm&r=g","contentUrl":"https:\/\/secure.gravatar.com\/avatar\/6c0799964d475999ae9baf49f3b1d6e7579eff8673327022e40455e31215e0c8?s=96&d=mm&r=g","caption":"Elie Tshingombe"},"sameAs":["https:\/\/etasite-cd.web.app\/"],"url":"https:\/\/cooperation.gouv.cd\/dev\/author\/eleo7421\/"}]}},"jetpack_featured_media_url":"https:\/\/cooperation.gouv.cd\/dev\/wp-content\/uploads\/2024\/09\/IMG-20240926-WA0168.jpg","jetpack_sharing_enabled":true,"_links":{"self":[{"href":"https:\/\/cooperation.gouv.cd\/dev\/wp-json\/wp\/v2\/posts\/542","targetHints":{"allow":["GET"]}}],"collection":[{"href":"https:\/\/cooperation.gouv.cd\/dev\/wp-json\/wp\/v2\/posts"}],"about":[{"href":"https:\/\/cooperation.gouv.cd\/dev\/wp-json\/wp\/v2\/types\/post"}],"author":[{"embeddable":true,"href":"https:\/\/cooperation.gouv.cd\/dev\/wp-json\/wp\/v2\/users\/2"}],"replies":[{"embeddable":true,"href":"https:\/\/cooperation.gouv.cd\/dev\/wp-json\/wp\/v2\/comments?post=542"}],"version-history":[{"count":1,"href":"https:\/\/cooperation.gouv.cd\/dev\/wp-json\/wp\/v2\/posts\/542\/revisions"}],"predecessor-version":[{"id":549,"href":"https:\/\/cooperation.gouv.cd\/dev\/wp-json\/wp\/v2\/posts\/542\/revisions\/549"}],"wp:featuredmedia":[{"embeddable":true,"href":"https:\/\/cooperation.gouv.cd\/dev\/wp-json\/wp\/v2\/media\/543"}],"wp:attachment":[{"href":"https:\/\/cooperation.gouv.cd\/dev\/wp-json\/wp\/v2\/media?parent=542"}],"wp:term":[{"taxonomy":"category","embeddable":true,"href":"https:\/\/cooperation.gouv.cd\/dev\/wp-json\/wp\/v2\/categories?post=542"},{"taxonomy":"post_tag","embeddable":true,"href":"https:\/\/cooperation.gouv.cd\/dev\/wp-json\/wp\/v2\/tags?post=542"}],"curies":[{"name":"wp","href":"https:\/\/api.w.org\/{rel}","templated":true}]}}