{"id":717,"date":"2024-08-05T04:43:44","date_gmt":"2024-08-05T02:43:44","guid":{"rendered":"https:\/\/cooperation.gouv.cd\/dev\/?p=717"},"modified":"2025-08-07T16:32:00","modified_gmt":"2025-08-07T14:32:00","slug":"audience-avec-lonu-femmes","status":"publish","type":"post","link":"https:\/\/cooperation.gouv.cd\/dev\/2024\/08\/05\/audience-avec-lonu-femmes\/","title":{"rendered":"Audience avec l&rsquo;ONU-Femmes"},"content":{"rendered":"\n<p><strong>Rencontre entre une d\u00e9l\u00e9gation d&rsquo;ONU Femmes et la Ministre D\u00e9l\u00e9gu\u00e9e de la Coop\u00e9ration Internationale et Francophonie<\/strong><\/p>\n\n\n\n<figure class=\"wp-block-embed is-type-video is-provider-youtube wp-block-embed-youtube wp-embed-aspect-16-9 wp-has-aspect-ratio\"><div class=\"wp-block-embed__wrapper\">\n<iframe title=\"Audience avec l\u2019ONU-Femmes\" width=\"800\" height=\"450\" src=\"https:\/\/www.youtube.com\/embed\/wt1Jvz7gJdE?feature=oembed\" frameborder=\"0\" allow=\"accelerometer; autoplay; clipboard-write; encrypted-media; gyroscope; picture-in-picture; web-share\" referrerpolicy=\"strict-origin-when-cross-origin\" allowfullscreen><\/iframe>\n<\/div><\/figure>\n\n\n\n<figure class=\"wp-block-gallery has-nested-images columns-default is-cropped wp-block-gallery-1 is-layout-flex wp-block-gallery-is-layout-flex\">\n<figure class=\"wp-block-image size-large\"><img decoding=\"async\" src=\"https:\/\/firebasestorage.googleapis.com\/v0\/b\/cooperation-gouv.firebasestorage.app\/o\/2024%2Faout%2Faudience%20avec%20l'onu%20femmes%2FIMG-20240926-WA0105.jpg?alt=media&amp;token=71e2752d-1885-4933-a500-bedd63033075\" alt=\"\"\/><\/figure>\n\n\n\n<figure class=\"wp-block-image size-large\"><img decoding=\"async\" src=\"https:\/\/firebasestorage.googleapis.com\/v0\/b\/cooperation-gouv.firebasestorage.app\/o\/2024%2Faout%2Faudience%20avec%20l'onu%20femmes%2FIMG-20240926-WA0109-1536x1023.jpg?alt=media&amp;token=2c9878ec-93a2-4b81-8b33-9ba81b7ea05b\" alt=\"\"\/><\/figure>\n\n\n\n<figure class=\"wp-block-image size-large\"><img decoding=\"async\" src=\"https:\/\/firebasestorage.googleapis.com\/v0\/b\/cooperation-gouv.firebasestorage.app\/o\/2024%2Faout%2Faudience%20avec%20l'onu%20femmes%2FIMG-20240926-WA0111-1536x1023%20(1).jpg?alt=media&amp;token=24be6c9c-6d13-4440-9031-a054cc226069\" alt=\"\"\/><\/figure>\n\n\n\n<figure class=\"wp-block-image size-large\"><img decoding=\"async\" src=\"https:\/\/firebasestorage.googleapis.com\/v0\/b\/cooperation-gouv.firebasestorage.app\/o\/2024%2Faout%2Faudience%20avec%20l'onu%20femmes%2FIMG-20240926-WA0113-1536x1023.jpg?alt=media&amp;token=313615dd-59fc-4263-9932-37ff7cecae37\" alt=\"\"\/><\/figure>\n\n\n\n<figure class=\"wp-block-image size-large\"><img decoding=\"async\" src=\"https:\/\/firebasestorage.googleapis.com\/v0\/b\/cooperation-gouv.firebasestorage.app\/o\/2024%2Faout%2Faudience%20avec%20l'onu%20femmes%2FIMG-20240926-WA0116-1536x1023.jpg?alt=media&amp;token=b16d4169-ca99-416e-aed5-6fe629a1085d\" alt=\"\"\/><\/figure>\n<\/figure>\n\n\n\n<p><\/p>\n","protected":false},"excerpt":{"rendered":"<p>Rencontre entre une d\u00e9l\u00e9gation d&rsquo;ONU Femmes et la Ministre D\u00e9l\u00e9gu\u00e9e de la Coop\u00e9ration Internationale et Francophonie<\/p>\n","protected":false},"author":2,"featured_media":3075,"comment_status":"open","ping_status":"open","sticky":false,"template":"","format":"standard","meta":{"_eb_attr":"","_jetpack_memberships_contains_paid_content":false,"footnotes":""},"categories":[6,38],"tags":[],"class_list":["post-717","post","type-post","status-publish","format-standard","has-post-thumbnail","hentry","category-activites","category-cooperation-avec-lonu-femmes"],"yoast_head":"<!-- This site is optimized with the Yoast SEO plugin v25.6 - https:\/\/yoast.com\/wordpress\/plugins\/seo\/ -->\n<title>Audience avec l&#039;ONU-Femmes - Ministre D\u00e9l\u00e9gu\u00e9e En Charge de la Coop\u00e9ration Internationale Et Francophonie<\/title>\n<meta name=\"robots\" content=\"index, follow, max-snippet:-1, max-image-preview:large, max-video-preview:-1\" \/>\n<link rel=\"canonical\" href=\"https:\/\/cooperation.gouv.cd\/dev\/2024\/08\/05\/audience-avec-lonu-femmes\/\" \/>\n<meta property=\"og:locale\" content=\"fr_FR\" \/>\n<meta property=\"og:type\" content=\"article\" \/>\n<meta property=\"og:title\" content=\"Audience avec l&#039;ONU-Femmes - Ministre D\u00e9l\u00e9gu\u00e9e En Charge de la Coop\u00e9ration Internationale Et Francophonie\" \/>\n<meta property=\"og:description\" content=\"Rencontre entre une d\u00e9l\u00e9gation d&rsquo;ONU Femmes et la Ministre D\u00e9l\u00e9gu\u00e9e de la Coop\u00e9ration Internationale et Francophonie\" \/>\n<meta property=\"og:url\" content=\"https:\/\/cooperation.gouv.cd\/dev\/2024\/08\/05\/audience-avec-lonu-femmes\/\" \/>\n<meta property=\"og:site_name\" content=\"Ministre D\u00e9l\u00e9gu\u00e9e En Charge de la Coop\u00e9ration Internationale Et Francophonie\" \/>\n<meta property=\"article:publisher\" content=\"https:\/\/web.facebook.com\/profile.php?id=100064940047039\" \/>\n<meta property=\"article:published_time\" content=\"2024-08-05T02:43:44+00:00\" \/>\n<meta property=\"article:modified_time\" content=\"2025-08-07T14:32:00+00:00\" \/>\n<meta property=\"og:image\" content=\"https:\/\/cooperation.gouv.cd\/dev\/wp-content\/uploads\/2024\/08\/IMG-20240926-WA0111-1536x1023-3.jpg\" \/>\n\t<meta property=\"og:image:width\" content=\"1536\" \/>\n\t<meta property=\"og:image:height\" content=\"1023\" \/>\n\t<meta property=\"og:image:type\" content=\"image\/jpeg\" \/>\n<meta name=\"author\" content=\"Elie Tshingombe\" \/>\n<meta name=\"twitter:card\" content=\"summary_large_image\" \/>\n<meta name=\"twitter:creator\" content=\"@BestineKazadi\" \/>\n<meta name=\"twitter:site\" content=\"@BestineKazadi\" \/>\n<meta name=\"twitter:label1\" content=\"\u00c9crit par\" \/>\n\t<meta name=\"twitter:data1\" content=\"Elie Tshingombe\" \/>\n\t<meta name=\"twitter:label2\" content=\"Dur\u00e9e de lecture estim\u00e9e\" \/>\n\t<meta name=\"twitter:data2\" content=\"2 minutes\" \/>\n<script type=\"application\/ld+json\" class=\"yoast-schema-graph\">{\"@context\":\"https:\/\/schema.org\",\"@graph\":[{\"@type\":\"Article\",\"@id\":\"https:\/\/cooperation.gouv.cd\/dev\/2024\/08\/05\/audience-avec-lonu-femmes\/#article\",\"isPartOf\":{\"@id\":\"https:\/\/cooperation.gouv.cd\/dev\/2024\/08\/05\/audience-avec-lonu-femmes\/\"},\"author\":{\"name\":\"Elie Tshingombe\",\"@id\":\"https:\/\/cooperation.gouv.cd\/dev\/#\/schema\/person\/2ae9d7c527bf6a3bd84c9908a528632c\"},\"headline\":\"Audience avec l&rsquo;ONU-Femmes\",\"datePublished\":\"2024-08-05T02:43:44+00:00\",\"dateModified\":\"2025-08-07T14:32:00+00:00\",\"mainEntityOfPage\":{\"@id\":\"https:\/\/cooperation.gouv.cd\/dev\/2024\/08\/05\/audience-avec-lonu-femmes\/\"},\"wordCount\":37,\"commentCount\":0,\"publisher\":{\"@id\":\"https:\/\/cooperation.gouv.cd\/dev\/#organization\"},\"image\":{\"@id\":\"https:\/\/cooperation.gouv.cd\/dev\/2024\/08\/05\/audience-avec-lonu-femmes\/#primaryimage\"},\"thumbnailUrl\":\"https:\/\/cooperation.gouv.cd\/dev\/wp-content\/uploads\/2024\/08\/IMG-20240926-WA0111-1536x1023-3.jpg\",\"articleSection\":[\"Actualit\u00e9s\",\"Coop\u00e9ration avec l'ONU-FEMMES\"],\"inLanguage\":\"fr-FR\",\"potentialAction\":[{\"@type\":\"CommentAction\",\"name\":\"Comment\",\"target\":[\"https:\/\/cooperation.gouv.cd\/dev\/2024\/08\/05\/audience-avec-lonu-femmes\/#respond\"]}]},{\"@type\":\"WebPage\",\"@id\":\"https:\/\/cooperation.gouv.cd\/dev\/2024\/08\/05\/audience-avec-lonu-femmes\/\",\"url\":\"https:\/\/cooperation.gouv.cd\/dev\/2024\/08\/05\/audience-avec-lonu-femmes\/\",\"name\":\"Audience avec l'ONU-Femmes - Ministre D\u00e9l\u00e9gu\u00e9e En Charge de la Coop\u00e9ration Internationale Et Francophonie\",\"isPartOf\":{\"@id\":\"https:\/\/cooperation.gouv.cd\/dev\/#website\"},\"primaryImageOfPage\":{\"@id\":\"https:\/\/cooperation.gouv.cd\/dev\/2024\/08\/05\/audience-avec-lonu-femmes\/#primaryimage\"},\"image\":{\"@id\":\"https:\/\/cooperation.gouv.cd\/dev\/2024\/08\/05\/audience-avec-lonu-femmes\/#primaryimage\"},\"thumbnailUrl\":\"https:\/\/cooperation.gouv.cd\/dev\/wp-content\/uploads\/2024\/08\/IMG-20240926-WA0111-1536x1023-3.jpg\",\"datePublished\":\"2024-08-05T02:43:44+00:00\",\"dateModified\":\"2025-08-07T14:32:00+00:00\",\"breadcrumb\":{\"@id\":\"https:\/\/cooperation.gouv.cd\/dev\/2024\/08\/05\/audience-avec-lonu-femmes\/#breadcrumb\"},\"inLanguage\":\"fr-FR\",\"potentialAction\":[{\"@type\":\"ReadAction\",\"target\":[\"https:\/\/cooperation.gouv.cd\/dev\/2024\/08\/05\/audience-avec-lonu-femmes\/\"]}]},{\"@type\":\"ImageObject\",\"inLanguage\":\"fr-FR\",\"@id\":\"https:\/\/cooperation.gouv.cd\/dev\/2024\/08\/05\/audience-avec-lonu-femmes\/#primaryimage\",\"url\":\"https:\/\/cooperation.gouv.cd\/dev\/wp-content\/uploads\/2024\/08\/IMG-20240926-WA0111-1536x1023-3.jpg\",\"contentUrl\":\"https:\/\/cooperation.gouv.cd\/dev\/wp-content\/uploads\/2024\/08\/IMG-20240926-WA0111-1536x1023-3.jpg\",\"width\":1536,\"height\":1023},{\"@type\":\"BreadcrumbList\",\"@id\":\"https:\/\/cooperation.gouv.cd\/dev\/2024\/08\/05\/audience-avec-lonu-femmes\/#breadcrumb\",\"itemListElement\":[{\"@type\":\"ListItem\",\"position\":1,\"name\":\"Accueil\",\"item\":\"https:\/\/cooperation.gouv.cd\/dev\/\"},{\"@type\":\"ListItem\",\"position\":2,\"name\":\"Audience avec l&rsquo;ONU-Femmes\"}]},{\"@type\":\"WebSite\",\"@id\":\"https:\/\/cooperation.gouv.cd\/dev\/#website\",\"url\":\"https:\/\/cooperation.gouv.cd\/dev\/\",\"name\":\"Ministre D\u00e9l\u00e9gu\u00e9e En Charge de la Coop\u00e9ration Internationale Et Francophonie\",\"description\":\"Portail officiel du Ministre d\u00e9l\u00e9gu\u00e9 en charge de la Coop\u00e9ration internationale et de la Francophonie.\",\"publisher\":{\"@id\":\"https:\/\/cooperation.gouv.cd\/dev\/#organization\"},\"potentialAction\":[{\"@type\":\"SearchAction\",\"target\":{\"@type\":\"EntryPoint\",\"urlTemplate\":\"https:\/\/cooperation.gouv.cd\/dev\/?s={search_term_string}\"},\"query-input\":{\"@type\":\"PropertyValueSpecification\",\"valueRequired\":true,\"valueName\":\"search_term_string\"}}],\"inLanguage\":\"fr-FR\"},{\"@type\":\"Organization\",\"@id\":\"https:\/\/cooperation.gouv.cd\/dev\/#organization\",\"name\":\"Bestine Kazadi\",\"url\":\"https:\/\/cooperation.gouv.cd\/dev\/\",\"logo\":{\"@type\":\"ImageObject\",\"inLanguage\":\"fr-FR\",\"@id\":\"https:\/\/cooperation.gouv.cd\/dev\/#\/schema\/logo\/image\/\",\"url\":\"https:\/\/cooperation.gouv.cd\/dev\/wp-content\/uploads\/2024\/09\/cropped-logo-2.png\",\"contentUrl\":\"https:\/\/cooperation.gouv.cd\/dev\/wp-content\/uploads\/2024\/09\/cropped-logo-2.png\",\"width\":2499,\"height\":1166,\"caption\":\"Bestine Kazadi\"},\"image\":{\"@id\":\"https:\/\/cooperation.gouv.cd\/dev\/#\/schema\/logo\/image\/\"},\"sameAs\":[\"https:\/\/web.facebook.com\/profile.php?id=100064940047039\",\"https:\/\/x.com\/BestineKazadi\",\"https:\/\/www.youtube.com\/@CoopInternEtFrancophonie\",\"https:\/\/www.instagram.com\/bestine_kazadi\/\",\"https:\/\/whatsapp.com\/channel\/0029Vax83N8AojYzbHOjzx05\"]},{\"@type\":\"Person\",\"@id\":\"https:\/\/cooperation.gouv.cd\/dev\/#\/schema\/person\/2ae9d7c527bf6a3bd84c9908a528632c\",\"name\":\"Elie Tshingombe\",\"image\":{\"@type\":\"ImageObject\",\"inLanguage\":\"fr-FR\",\"@id\":\"https:\/\/cooperation.gouv.cd\/dev\/#\/schema\/person\/image\/\",\"url\":\"https:\/\/secure.gravatar.com\/avatar\/6c0799964d475999ae9baf49f3b1d6e7579eff8673327022e40455e31215e0c8?s=96&d=mm&r=g\",\"contentUrl\":\"https:\/\/secure.gravatar.com\/avatar\/6c0799964d475999ae9baf49f3b1d6e7579eff8673327022e40455e31215e0c8?s=96&d=mm&r=g\",\"caption\":\"Elie Tshingombe\"},\"sameAs\":[\"https:\/\/etasite-cd.web.app\/\"],\"url\":\"https:\/\/cooperation.gouv.cd\/dev\/author\/eleo7421\/\"}]}<\/script>\n<!-- \/ Yoast SEO plugin. -->","yoast_head_json":{"title":"Audience avec l'ONU-Femmes - Ministre D\u00e9l\u00e9gu\u00e9e En Charge de la Coop\u00e9ration Internationale Et Francophonie","robots":{"index":"index","follow":"follow","max-snippet":"max-snippet:-1","max-image-preview":"max-image-preview:large","max-video-preview":"max-video-preview:-1"},"canonical":"https:\/\/cooperation.gouv.cd\/dev\/2024\/08\/05\/audience-avec-lonu-femmes\/","og_locale":"fr_FR","og_type":"article","og_title":"Audience avec l'ONU-Femmes - Ministre D\u00e9l\u00e9gu\u00e9e En Charge de la Coop\u00e9ration Internationale Et Francophonie","og_description":"Rencontre entre une d\u00e9l\u00e9gation d&rsquo;ONU Femmes et la Ministre D\u00e9l\u00e9gu\u00e9e de la Coop\u00e9ration Internationale et Francophonie","og_url":"https:\/\/cooperation.gouv.cd\/dev\/2024\/08\/05\/audience-avec-lonu-femmes\/","og_site_name":"Ministre D\u00e9l\u00e9gu\u00e9e En Charge de la Coop\u00e9ration Internationale Et Francophonie","article_publisher":"https:\/\/web.facebook.com\/profile.php?id=100064940047039","article_published_time":"2024-08-05T02:43:44+00:00","article_modified_time":"2025-08-07T14:32:00+00:00","og_image":[{"width":1536,"height":1023,"url":"https:\/\/cooperation.gouv.cd\/dev\/wp-content\/uploads\/2024\/08\/IMG-20240926-WA0111-1536x1023-3.jpg","type":"image\/jpeg"}],"author":"Elie Tshingombe","twitter_card":"summary_large_image","twitter_creator":"@BestineKazadi","twitter_site":"@BestineKazadi","twitter_misc":{"\u00c9crit par":"Elie Tshingombe","Dur\u00e9e de lecture estim\u00e9e":"2 minutes"},"schema":{"@context":"https:\/\/schema.org","@graph":[{"@type":"Article","@id":"https:\/\/cooperation.gouv.cd\/dev\/2024\/08\/05\/audience-avec-lonu-femmes\/#article","isPartOf":{"@id":"https:\/\/cooperation.gouv.cd\/dev\/2024\/08\/05\/audience-avec-lonu-femmes\/"},"author":{"name":"Elie Tshingombe","@id":"https:\/\/cooperation.gouv.cd\/dev\/#\/schema\/person\/2ae9d7c527bf6a3bd84c9908a528632c"},"headline":"Audience avec l&rsquo;ONU-Femmes","datePublished":"2024-08-05T02:43:44+00:00","dateModified":"2025-08-07T14:32:00+00:00","mainEntityOfPage":{"@id":"https:\/\/cooperation.gouv.cd\/dev\/2024\/08\/05\/audience-avec-lonu-femmes\/"},"wordCount":37,"commentCount":0,"publisher":{"@id":"https:\/\/cooperation.gouv.cd\/dev\/#organization"},"image":{"@id":"https:\/\/cooperation.gouv.cd\/dev\/2024\/08\/05\/audience-avec-lonu-femmes\/#primaryimage"},"thumbnailUrl":"https:\/\/cooperation.gouv.cd\/dev\/wp-content\/uploads\/2024\/08\/IMG-20240926-WA0111-1536x1023-3.jpg","articleSection":["Actualit\u00e9s","Coop\u00e9ration avec l'ONU-FEMMES"],"inLanguage":"fr-FR","potentialAction":[{"@type":"CommentAction","name":"Comment","target":["https:\/\/cooperation.gouv.cd\/dev\/2024\/08\/05\/audience-avec-lonu-femmes\/#respond"]}]},{"@type":"WebPage","@id":"https:\/\/cooperation.gouv.cd\/dev\/2024\/08\/05\/audience-avec-lonu-femmes\/","url":"https:\/\/cooperation.gouv.cd\/dev\/2024\/08\/05\/audience-avec-lonu-femmes\/","name":"Audience avec l'ONU-Femmes - Ministre D\u00e9l\u00e9gu\u00e9e En Charge de la Coop\u00e9ration Internationale Et Francophonie","isPartOf":{"@id":"https:\/\/cooperation.gouv.cd\/dev\/#website"},"primaryImageOfPage":{"@id":"https:\/\/cooperation.gouv.cd\/dev\/2024\/08\/05\/audience-avec-lonu-femmes\/#primaryimage"},"image":{"@id":"https:\/\/cooperation.gouv.cd\/dev\/2024\/08\/05\/audience-avec-lonu-femmes\/#primaryimage"},"thumbnailUrl":"https:\/\/cooperation.gouv.cd\/dev\/wp-content\/uploads\/2024\/08\/IMG-20240926-WA0111-1536x1023-3.jpg","datePublished":"2024-08-05T02:43:44+00:00","dateModified":"2025-08-07T14:32:00+00:00","breadcrumb":{"@id":"https:\/\/cooperation.gouv.cd\/dev\/2024\/08\/05\/audience-avec-lonu-femmes\/#breadcrumb"},"inLanguage":"fr-FR","potentialAction":[{"@type":"ReadAction","target":["https:\/\/cooperation.gouv.cd\/dev\/2024\/08\/05\/audience-avec-lonu-femmes\/"]}]},{"@type":"ImageObject","inLanguage":"fr-FR","@id":"https:\/\/cooperation.gouv.cd\/dev\/2024\/08\/05\/audience-avec-lonu-femmes\/#primaryimage","url":"https:\/\/cooperation.gouv.cd\/dev\/wp-content\/uploads\/2024\/08\/IMG-20240926-WA0111-1536x1023-3.jpg","contentUrl":"https:\/\/cooperation.gouv.cd\/dev\/wp-content\/uploads\/2024\/08\/IMG-20240926-WA0111-1536x1023-3.jpg","width":1536,"height":1023},{"@type":"BreadcrumbList","@id":"https:\/\/cooperation.gouv.cd\/dev\/2024\/08\/05\/audience-avec-lonu-femmes\/#breadcrumb","itemListElement":[{"@type":"ListItem","position":1,"name":"Accueil","item":"https:\/\/cooperation.gouv.cd\/dev\/"},{"@type":"ListItem","position":2,"name":"Audience avec l&rsquo;ONU-Femmes"}]},{"@type":"WebSite","@id":"https:\/\/cooperation.gouv.cd\/dev\/#website","url":"https:\/\/cooperation.gouv.cd\/dev\/","name":"Ministre D\u00e9l\u00e9gu\u00e9e En Charge de la Coop\u00e9ration Internationale Et Francophonie","description":"Portail officiel du Ministre d\u00e9l\u00e9gu\u00e9 en charge de la Coop\u00e9ration internationale et de la Francophonie.","publisher":{"@id":"https:\/\/cooperation.gouv.cd\/dev\/#organization"},"potentialAction":[{"@type":"SearchAction","target":{"@type":"EntryPoint","urlTemplate":"https:\/\/cooperation.gouv.cd\/dev\/?s={search_term_string}"},"query-input":{"@type":"PropertyValueSpecification","valueRequired":true,"valueName":"search_term_string"}}],"inLanguage":"fr-FR"},{"@type":"Organization","@id":"https:\/\/cooperation.gouv.cd\/dev\/#organization","name":"Bestine Kazadi","url":"https:\/\/cooperation.gouv.cd\/dev\/","logo":{"@type":"ImageObject","inLanguage":"fr-FR","@id":"https:\/\/cooperation.gouv.cd\/dev\/#\/schema\/logo\/image\/","url":"https:\/\/cooperation.gouv.cd\/dev\/wp-content\/uploads\/2024\/09\/cropped-logo-2.png","contentUrl":"https:\/\/cooperation.gouv.cd\/dev\/wp-content\/uploads\/2024\/09\/cropped-logo-2.png","width":2499,"height":1166,"caption":"Bestine Kazadi"},"image":{"@id":"https:\/\/cooperation.gouv.cd\/dev\/#\/schema\/logo\/image\/"},"sameAs":["https:\/\/web.facebook.com\/profile.php?id=100064940047039","https:\/\/x.com\/BestineKazadi","https:\/\/www.youtube.com\/@CoopInternEtFrancophonie","https:\/\/www.instagram.com\/bestine_kazadi\/","https:\/\/whatsapp.com\/channel\/0029Vax83N8AojYzbHOjzx05"]},{"@type":"Person","@id":"https:\/\/cooperation.gouv.cd\/dev\/#\/schema\/person\/2ae9d7c527bf6a3bd84c9908a528632c","name":"Elie Tshingombe","image":{"@type":"ImageObject","inLanguage":"fr-FR","@id":"https:\/\/cooperation.gouv.cd\/dev\/#\/schema\/person\/image\/","url":"https:\/\/secure.gravatar.com\/avatar\/6c0799964d475999ae9baf49f3b1d6e7579eff8673327022e40455e31215e0c8?s=96&d=mm&r=g","contentUrl":"https:\/\/secure.gravatar.com\/avatar\/6c0799964d475999ae9baf49f3b1d6e7579eff8673327022e40455e31215e0c8?s=96&d=mm&r=g","caption":"Elie Tshingombe"},"sameAs":["https:\/\/etasite-cd.web.app\/"],"url":"https:\/\/cooperation.gouv.cd\/dev\/author\/eleo7421\/"}]}},"jetpack_featured_media_url":"https:\/\/cooperation.gouv.cd\/dev\/wp-content\/uploads\/2024\/08\/IMG-20240926-WA0111-1536x1023-3.jpg","jetpack_sharing_enabled":true,"_links":{"self":[{"href":"https:\/\/cooperation.gouv.cd\/dev\/wp-json\/wp\/v2\/posts\/717","targetHints":{"allow":["GET"]}}],"collection":[{"href":"https:\/\/cooperation.gouv.cd\/dev\/wp-json\/wp\/v2\/posts"}],"about":[{"href":"https:\/\/cooperation.gouv.cd\/dev\/wp-json\/wp\/v2\/types\/post"}],"author":[{"embeddable":true,"href":"https:\/\/cooperation.gouv.cd\/dev\/wp-json\/wp\/v2\/users\/2"}],"replies":[{"embeddable":true,"href":"https:\/\/cooperation.gouv.cd\/dev\/wp-json\/wp\/v2\/comments?post=717"}],"version-history":[{"count":4,"href":"https:\/\/cooperation.gouv.cd\/dev\/wp-json\/wp\/v2\/posts\/717\/revisions"}],"predecessor-version":[{"id":3649,"href":"https:\/\/cooperation.gouv.cd\/dev\/wp-json\/wp\/v2\/posts\/717\/revisions\/3649"}],"wp:featuredmedia":[{"embeddable":true,"href":"https:\/\/cooperation.gouv.cd\/dev\/wp-json\/wp\/v2\/media\/3075"}],"wp:attachment":[{"href":"https:\/\/cooperation.gouv.cd\/dev\/wp-json\/wp\/v2\/media?parent=717"}],"wp:term":[{"taxonomy":"category","embeddable":true,"href":"https:\/\/cooperation.gouv.cd\/dev\/wp-json\/wp\/v2\/categories?post=717"},{"taxonomy":"post_tag","embeddable":true,"href":"https:\/\/cooperation.gouv.cd\/dev\/wp-json\/wp\/v2\/tags?post=717"}],"curies":[{"name":"wp","href":"https:\/\/api.w.org\/{rel}","templated":true}]}}