{"id":756,"date":"2024-08-21T14:55:00","date_gmt":"2024-08-21T12:55:00","guid":{"rendered":"https:\/\/cooperation.gouv.cd\/dev\/?p=756"},"modified":"2025-08-07T16:12:16","modified_gmt":"2025-08-07T14:12:16","slug":"audience-avec-louganda","status":"publish","type":"post","link":"https:\/\/cooperation.gouv.cd\/dev\/2024\/08\/21\/audience-avec-louganda\/","title":{"rendered":"Audience avec l&rsquo;Ouganda"},"content":{"rendered":"\n<p><strong>Mercredi 21 ao\u00fbt 2024<\/strong>, au Cabinet, une s\u00e9ance de travail a eu lieu suite \u00e0 la demande d\u2019audience formul\u00e9e par une d\u00e9l\u00e9gation ougandaise de sept personnes, conduite par l\u2019honorable John MUUMBA, Vice-Ministre des Affaires \u00e9trang\u00e8res, charg\u00e9 de la Coop\u00e9ration internationale de la R\u00e9publique de l\u2019Ouganda, en mission officielle \u00e0 Kinshasa.<\/p>\n\n\n\n<p>Cette rencontre a \u00e9t\u00e9 l&rsquo;occasion d\u2019\u00e9changer sur les questions d&rsquo;ordre diplomatique entre les deux pays.<\/p>\n\n\n\n<figure class=\"wp-block-image size-large\"><img fetchpriority=\"high\" decoding=\"async\" width=\"1024\" height=\"682\" src=\"https:\/\/cooperation.gouv.cd\/dev\/wp-content\/uploads\/2024\/08\/IMG-20240926-WA0042-1024x682.jpg\" alt=\"\" class=\"wp-image-1573\" srcset=\"https:\/\/cooperation.gouv.cd\/dev\/wp-content\/uploads\/2024\/08\/IMG-20240926-WA0042-1024x682.jpg 1024w, https:\/\/cooperation.gouv.cd\/dev\/wp-content\/uploads\/2024\/08\/IMG-20240926-WA0042-300x200.jpg 300w, https:\/\/cooperation.gouv.cd\/dev\/wp-content\/uploads\/2024\/08\/IMG-20240926-WA0042-768x512.jpg 768w, https:\/\/cooperation.gouv.cd\/dev\/wp-content\/uploads\/2024\/08\/IMG-20240926-WA0042-1536x1023.jpg 1536w, https:\/\/cooperation.gouv.cd\/dev\/wp-content\/uploads\/2024\/08\/IMG-20240926-WA0042.jpg 1600w\" sizes=\"(max-width: 1024px) 100vw, 1024px\" \/><\/figure>\n\n\n\n<p>Lors de l\u2019introduction, la d\u00e9l\u00e9gation a \u00e9t\u00e9 accueillie chaleureusement, et l\u2019objet de cette rencontre a \u00e9t\u00e9 pr\u00e9cis\u00e9. Il a \u00e9t\u00e9 rappel\u00e9 que la R\u00e9publique D\u00e9mocratique du Congo a toujours \u00e9t\u00e9 dispos\u00e9e \u00e0 entretenir de bonnes relations avec l\u2019Ouganda, dans un esprit de paix et pour l\u2019int\u00e9r\u00eat commun des deux peuples.<\/p>\n\n\n\n<p>Le chef de la d\u00e9l\u00e9gation ougandaise a ensuite exprim\u00e9 ses f\u00e9licitations pour la nouvelle nomination au sein du Gouvernement, avant de souligner la solidarit\u00e9 qui unit les deux peuples, qui partagent une histoire, une culture et des traditions communes, bien que s\u00e9parer par une fronti\u00e8re.<\/p>\n\n\n\n<p>La d\u00e9l\u00e9gation ougandaise a \u00e9t\u00e9 remerci\u00e9e par la partie Congolaise pour l\u2019int\u00e9r\u00eat manifest\u00e9 \u00e0 l\u2019am\u00e9lioration des relations diplomatiques, de la coop\u00e9ration et de la fraternit\u00e9 entre les deux pays. Il a \u00e9t\u00e9 insist\u00e9 sur la n\u00e9cessit\u00e9 de r\u00e9soudre les diff\u00e9rents probl\u00e8mes \u00e0 tous les niveaux afin de restaurer la confiance mutuelle et de renforcer les relations bilat\u00e9rales pour le bien-\u00eatre collectif des peuples.<\/p>\n\n\n\n<figure class=\"wp-block-gallery has-nested-images columns-default is-cropped wp-block-gallery-1 is-layout-flex wp-block-gallery-is-layout-flex\">\n<figure class=\"wp-block-image size-large\"><img decoding=\"async\" src=\"https:\/\/firebasestorage.googleapis.com\/v0\/b\/cooperation-gouv.firebasestorage.app\/o\/2024%2Faout%2Faudience%20avec%20l'ouganda%2FIMG-20240926-WA0036-1536x1023.jpg?alt=media&amp;token=ab36baad-f0da-4a92-b000-73e7d84d76c8\" alt=\"\"\/><\/figure>\n\n\n\n<figure class=\"wp-block-image size-large\"><img decoding=\"async\" src=\"https:\/\/firebasestorage.googleapis.com\/v0\/b\/cooperation-gouv.firebasestorage.app\/o\/2024%2Faout%2Faudience%20avec%20l'ouganda%2FIMG-20240926-WA0039.jpg?alt=media&amp;token=b6b6e7c6-556f-498d-9a0b-f5c76341bc34\" alt=\"\"\/><\/figure>\n\n\n\n<figure class=\"wp-block-image size-large\"><img decoding=\"async\" width=\"1024\" height=\"682\" data-id=\"764\" src=\"https:\/\/cooperation.gouv.cd\/dev\/wp-content\/uploads\/2024\/10\/IMG-20240926-WA0040-1024x682.jpg\" alt=\"\" class=\"wp-image-764\" srcset=\"https:\/\/cooperation.gouv.cd\/dev\/wp-content\/uploads\/2024\/10\/IMG-20240926-WA0040-1024x682.jpg 1024w, https:\/\/cooperation.gouv.cd\/dev\/wp-content\/uploads\/2024\/10\/IMG-20240926-WA0040-300x200.jpg 300w, https:\/\/cooperation.gouv.cd\/dev\/wp-content\/uploads\/2024\/10\/IMG-20240926-WA0040-768x512.jpg 768w, https:\/\/cooperation.gouv.cd\/dev\/wp-content\/uploads\/2024\/10\/IMG-20240926-WA0040-1536x1023.jpg 1536w, https:\/\/cooperation.gouv.cd\/dev\/wp-content\/uploads\/2024\/10\/IMG-20240926-WA0040.jpg 1600w\" sizes=\"(max-width: 1024px) 100vw, 1024px\" \/><\/figure>\n\n\n\n<figure class=\"wp-block-image size-large\"><img decoding=\"async\" src=\"https:\/\/firebasestorage.googleapis.com\/v0\/b\/cooperation-gouv.firebasestorage.app\/o\/2024%2Faout%2Faudience%20avec%20l'ouganda%2FIMG-20240926-WA0046-1536x1023.jpg?alt=media&amp;token=07f1eeab-517e-4aaf-82a4-5e98abb959a9\" alt=\"\"\/><\/figure>\n\n\n\n<figure class=\"wp-block-image size-large\"><img decoding=\"async\" width=\"682\" height=\"1024\" data-id=\"759\" src=\"https:\/\/cooperation.gouv.cd\/dev\/wp-content\/uploads\/2024\/10\/IMG-20240926-WA0048-682x1024.jpg\" alt=\"\" class=\"wp-image-759\" srcset=\"https:\/\/cooperation.gouv.cd\/dev\/wp-content\/uploads\/2024\/10\/IMG-20240926-WA0048-682x1024.jpg 682w, https:\/\/cooperation.gouv.cd\/dev\/wp-content\/uploads\/2024\/10\/IMG-20240926-WA0048-200x300.jpg 200w, https:\/\/cooperation.gouv.cd\/dev\/wp-content\/uploads\/2024\/10\/IMG-20240926-WA0048-768x1153.jpg 768w, https:\/\/cooperation.gouv.cd\/dev\/wp-content\/uploads\/2024\/10\/IMG-20240926-WA0048-1023x1536.jpg 1023w, https:\/\/cooperation.gouv.cd\/dev\/wp-content\/uploads\/2024\/10\/IMG-20240926-WA0048-1024x1537.jpg 1024w, https:\/\/cooperation.gouv.cd\/dev\/wp-content\/uploads\/2024\/10\/IMG-20240926-WA0048-720x1080.jpg 720w, https:\/\/cooperation.gouv.cd\/dev\/wp-content\/uploads\/2024\/10\/IMG-20240926-WA0048.jpg 1066w\" sizes=\"(max-width: 682px) 100vw, 682px\" \/><\/figure>\n\n\n\n<figure class=\"wp-block-image size-large\"><img decoding=\"async\" src=\"https:\/\/firebasestorage.googleapis.com\/v0\/b\/cooperation-gouv.firebasestorage.app\/o\/2024%2Faout%2Faudience%20avec%20l'ouganda%2FIMG-20240926-WA0049-1-1536x1023.jpg?alt=media&amp;token=1ae00b5b-4b83-4e83-9979-b448f673d80c\" alt=\"\"\/><\/figure>\n<\/figure>\n\n\n\n<p><\/p>\n","protected":false},"excerpt":{"rendered":"<p>Mercredi 21 ao\u00fbt 2024, au Cabinet, une s\u00e9ance de travail a eu lieu suite \u00e0 la demande d\u2019audience formul\u00e9e par une d\u00e9l\u00e9gation ougandaise de sept personnes, conduite par l\u2019honorable John MUUMBA, Vice-Ministre des Affaires \u00e9trang\u00e8res, charg\u00e9 de la Coop\u00e9ration internationale de la R\u00e9publique de l\u2019Ouganda, en mission officielle \u00e0 Kinshasa. Cette rencontre a \u00e9t\u00e9 l&rsquo;occasion [&hellip;]<\/p>\n","protected":false},"author":2,"featured_media":757,"comment_status":"closed","ping_status":"open","sticky":false,"template":"","format":"standard","meta":{"_eb_attr":"","_jetpack_memberships_contains_paid_content":false,"footnotes":""},"categories":[6,33],"tags":[],"class_list":["post-756","post","type-post","status-publish","format-standard","has-post-thumbnail","hentry","category-activites","category-cooperation-avec-le-ouganda"],"yoast_head":"<!-- This site is optimized with the Yoast SEO plugin v25.6 - https:\/\/yoast.com\/wordpress\/plugins\/seo\/ -->\n<title>Audience avec l&#039;Ouganda - Ministre D\u00e9l\u00e9gu\u00e9e En Charge de la Coop\u00e9ration Internationale Et Francophonie<\/title>\n<meta name=\"robots\" content=\"index, follow, max-snippet:-1, max-image-preview:large, max-video-preview:-1\" \/>\n<link rel=\"canonical\" href=\"https:\/\/cooperation.gouv.cd\/dev\/2024\/08\/21\/audience-avec-louganda\/\" \/>\n<meta property=\"og:locale\" content=\"fr_FR\" \/>\n<meta property=\"og:type\" content=\"article\" \/>\n<meta property=\"og:title\" content=\"Audience avec l&#039;Ouganda - Ministre D\u00e9l\u00e9gu\u00e9e En Charge de la Coop\u00e9ration Internationale Et Francophonie\" \/>\n<meta property=\"og:description\" content=\"Mercredi 21 ao\u00fbt 2024, au Cabinet, une s\u00e9ance de travail a eu lieu suite \u00e0 la demande d\u2019audience formul\u00e9e par une d\u00e9l\u00e9gation ougandaise de sept personnes, conduite par l\u2019honorable John MUUMBA, Vice-Ministre des Affaires \u00e9trang\u00e8res, charg\u00e9 de la Coop\u00e9ration internationale de la R\u00e9publique de l\u2019Ouganda, en mission officielle \u00e0 Kinshasa. Cette rencontre a \u00e9t\u00e9 l&rsquo;occasion [&hellip;]\" \/>\n<meta property=\"og:url\" content=\"https:\/\/cooperation.gouv.cd\/dev\/2024\/08\/21\/audience-avec-louganda\/\" \/>\n<meta property=\"og:site_name\" content=\"Ministre D\u00e9l\u00e9gu\u00e9e En Charge de la Coop\u00e9ration Internationale Et Francophonie\" \/>\n<meta property=\"article:publisher\" content=\"https:\/\/web.facebook.com\/profile.php?id=100064940047039\" \/>\n<meta property=\"article:published_time\" content=\"2024-08-21T12:55:00+00:00\" \/>\n<meta property=\"article:modified_time\" content=\"2025-08-07T14:12:16+00:00\" \/>\n<meta property=\"og:image\" content=\"https:\/\/cooperation.gouv.cd\/dev\/wp-content\/uploads\/2024\/10\/IMG-20240926-WA0043.jpg\" \/>\n\t<meta property=\"og:image:width\" content=\"1600\" \/>\n\t<meta property=\"og:image:height\" content=\"1066\" \/>\n\t<meta property=\"og:image:type\" content=\"image\/jpeg\" \/>\n<meta name=\"author\" content=\"Elie Tshingombe\" \/>\n<meta name=\"twitter:card\" content=\"summary_large_image\" \/>\n<meta name=\"twitter:creator\" content=\"@BestineKazadi\" \/>\n<meta name=\"twitter:site\" content=\"@BestineKazadi\" \/>\n<meta name=\"twitter:label1\" content=\"\u00c9crit par\" \/>\n\t<meta name=\"twitter:data1\" content=\"Elie Tshingombe\" \/>\n\t<meta name=\"twitter:label2\" content=\"Dur\u00e9e de lecture estim\u00e9e\" \/>\n\t<meta name=\"twitter:data2\" content=\"3 minutes\" \/>\n<script type=\"application\/ld+json\" class=\"yoast-schema-graph\">{\"@context\":\"https:\/\/schema.org\",\"@graph\":[{\"@type\":\"Article\",\"@id\":\"https:\/\/cooperation.gouv.cd\/dev\/2024\/08\/21\/audience-avec-louganda\/#article\",\"isPartOf\":{\"@id\":\"https:\/\/cooperation.gouv.cd\/dev\/2024\/08\/21\/audience-avec-louganda\/\"},\"author\":{\"name\":\"Elie Tshingombe\",\"@id\":\"https:\/\/cooperation.gouv.cd\/dev\/#\/schema\/person\/2ae9d7c527bf6a3bd84c9908a528632c\"},\"headline\":\"Audience avec l&rsquo;Ouganda\",\"datePublished\":\"2024-08-21T12:55:00+00:00\",\"dateModified\":\"2025-08-07T14:12:16+00:00\",\"mainEntityOfPage\":{\"@id\":\"https:\/\/cooperation.gouv.cd\/dev\/2024\/08\/21\/audience-avec-louganda\/\"},\"wordCount\":266,\"publisher\":{\"@id\":\"https:\/\/cooperation.gouv.cd\/dev\/#organization\"},\"image\":{\"@id\":\"https:\/\/cooperation.gouv.cd\/dev\/2024\/08\/21\/audience-avec-louganda\/#primaryimage\"},\"thumbnailUrl\":\"https:\/\/cooperation.gouv.cd\/dev\/wp-content\/uploads\/2024\/10\/IMG-20240926-WA0043.jpg\",\"articleSection\":[\"Actualit\u00e9s\",\"Coop\u00e9ration avec le Ouganda\"],\"inLanguage\":\"fr-FR\"},{\"@type\":\"WebPage\",\"@id\":\"https:\/\/cooperation.gouv.cd\/dev\/2024\/08\/21\/audience-avec-louganda\/\",\"url\":\"https:\/\/cooperation.gouv.cd\/dev\/2024\/08\/21\/audience-avec-louganda\/\",\"name\":\"Audience avec l'Ouganda - Ministre D\u00e9l\u00e9gu\u00e9e En Charge de la Coop\u00e9ration Internationale Et Francophonie\",\"isPartOf\":{\"@id\":\"https:\/\/cooperation.gouv.cd\/dev\/#website\"},\"primaryImageOfPage\":{\"@id\":\"https:\/\/cooperation.gouv.cd\/dev\/2024\/08\/21\/audience-avec-louganda\/#primaryimage\"},\"image\":{\"@id\":\"https:\/\/cooperation.gouv.cd\/dev\/2024\/08\/21\/audience-avec-louganda\/#primaryimage\"},\"thumbnailUrl\":\"https:\/\/cooperation.gouv.cd\/dev\/wp-content\/uploads\/2024\/10\/IMG-20240926-WA0043.jpg\",\"datePublished\":\"2024-08-21T12:55:00+00:00\",\"dateModified\":\"2025-08-07T14:12:16+00:00\",\"breadcrumb\":{\"@id\":\"https:\/\/cooperation.gouv.cd\/dev\/2024\/08\/21\/audience-avec-louganda\/#breadcrumb\"},\"inLanguage\":\"fr-FR\",\"potentialAction\":[{\"@type\":\"ReadAction\",\"target\":[\"https:\/\/cooperation.gouv.cd\/dev\/2024\/08\/21\/audience-avec-louganda\/\"]}]},{\"@type\":\"ImageObject\",\"inLanguage\":\"fr-FR\",\"@id\":\"https:\/\/cooperation.gouv.cd\/dev\/2024\/08\/21\/audience-avec-louganda\/#primaryimage\",\"url\":\"https:\/\/cooperation.gouv.cd\/dev\/wp-content\/uploads\/2024\/10\/IMG-20240926-WA0043.jpg\",\"contentUrl\":\"https:\/\/cooperation.gouv.cd\/dev\/wp-content\/uploads\/2024\/10\/IMG-20240926-WA0043.jpg\",\"width\":1600,\"height\":1066},{\"@type\":\"BreadcrumbList\",\"@id\":\"https:\/\/cooperation.gouv.cd\/dev\/2024\/08\/21\/audience-avec-louganda\/#breadcrumb\",\"itemListElement\":[{\"@type\":\"ListItem\",\"position\":1,\"name\":\"Accueil\",\"item\":\"https:\/\/cooperation.gouv.cd\/dev\/\"},{\"@type\":\"ListItem\",\"position\":2,\"name\":\"Audience avec l&rsquo;Ouganda\"}]},{\"@type\":\"WebSite\",\"@id\":\"https:\/\/cooperation.gouv.cd\/dev\/#website\",\"url\":\"https:\/\/cooperation.gouv.cd\/dev\/\",\"name\":\"Ministre D\u00e9l\u00e9gu\u00e9e En Charge de la Coop\u00e9ration Internationale Et Francophonie\",\"description\":\"Portail officiel du Ministre d\u00e9l\u00e9gu\u00e9 en charge de la Coop\u00e9ration internationale et de la Francophonie.\",\"publisher\":{\"@id\":\"https:\/\/cooperation.gouv.cd\/dev\/#organization\"},\"potentialAction\":[{\"@type\":\"SearchAction\",\"target\":{\"@type\":\"EntryPoint\",\"urlTemplate\":\"https:\/\/cooperation.gouv.cd\/dev\/?s={search_term_string}\"},\"query-input\":{\"@type\":\"PropertyValueSpecification\",\"valueRequired\":true,\"valueName\":\"search_term_string\"}}],\"inLanguage\":\"fr-FR\"},{\"@type\":\"Organization\",\"@id\":\"https:\/\/cooperation.gouv.cd\/dev\/#organization\",\"name\":\"Bestine Kazadi\",\"url\":\"https:\/\/cooperation.gouv.cd\/dev\/\",\"logo\":{\"@type\":\"ImageObject\",\"inLanguage\":\"fr-FR\",\"@id\":\"https:\/\/cooperation.gouv.cd\/dev\/#\/schema\/logo\/image\/\",\"url\":\"https:\/\/cooperation.gouv.cd\/dev\/wp-content\/uploads\/2024\/09\/cropped-logo-2.png\",\"contentUrl\":\"https:\/\/cooperation.gouv.cd\/dev\/wp-content\/uploads\/2024\/09\/cropped-logo-2.png\",\"width\":2499,\"height\":1166,\"caption\":\"Bestine Kazadi\"},\"image\":{\"@id\":\"https:\/\/cooperation.gouv.cd\/dev\/#\/schema\/logo\/image\/\"},\"sameAs\":[\"https:\/\/web.facebook.com\/profile.php?id=100064940047039\",\"https:\/\/x.com\/BestineKazadi\",\"https:\/\/www.youtube.com\/@CoopInternEtFrancophonie\",\"https:\/\/www.instagram.com\/bestine_kazadi\/\",\"https:\/\/whatsapp.com\/channel\/0029Vax83N8AojYzbHOjzx05\"]},{\"@type\":\"Person\",\"@id\":\"https:\/\/cooperation.gouv.cd\/dev\/#\/schema\/person\/2ae9d7c527bf6a3bd84c9908a528632c\",\"name\":\"Elie Tshingombe\",\"image\":{\"@type\":\"ImageObject\",\"inLanguage\":\"fr-FR\",\"@id\":\"https:\/\/cooperation.gouv.cd\/dev\/#\/schema\/person\/image\/\",\"url\":\"https:\/\/secure.gravatar.com\/avatar\/6c0799964d475999ae9baf49f3b1d6e7579eff8673327022e40455e31215e0c8?s=96&d=mm&r=g\",\"contentUrl\":\"https:\/\/secure.gravatar.com\/avatar\/6c0799964d475999ae9baf49f3b1d6e7579eff8673327022e40455e31215e0c8?s=96&d=mm&r=g\",\"caption\":\"Elie Tshingombe\"},\"sameAs\":[\"https:\/\/etasite-cd.web.app\/\"],\"url\":\"https:\/\/cooperation.gouv.cd\/dev\/author\/eleo7421\/\"}]}<\/script>\n<!-- \/ Yoast SEO plugin. -->","yoast_head_json":{"title":"Audience avec l'Ouganda - Ministre D\u00e9l\u00e9gu\u00e9e En Charge de la Coop\u00e9ration Internationale Et Francophonie","robots":{"index":"index","follow":"follow","max-snippet":"max-snippet:-1","max-image-preview":"max-image-preview:large","max-video-preview":"max-video-preview:-1"},"canonical":"https:\/\/cooperation.gouv.cd\/dev\/2024\/08\/21\/audience-avec-louganda\/","og_locale":"fr_FR","og_type":"article","og_title":"Audience avec l'Ouganda - Ministre D\u00e9l\u00e9gu\u00e9e En Charge de la Coop\u00e9ration Internationale Et Francophonie","og_description":"Mercredi 21 ao\u00fbt 2024, au Cabinet, une s\u00e9ance de travail a eu lieu suite \u00e0 la demande d\u2019audience formul\u00e9e par une d\u00e9l\u00e9gation ougandaise de sept personnes, conduite par l\u2019honorable John MUUMBA, Vice-Ministre des Affaires \u00e9trang\u00e8res, charg\u00e9 de la Coop\u00e9ration internationale de la R\u00e9publique de l\u2019Ouganda, en mission officielle \u00e0 Kinshasa. Cette rencontre a \u00e9t\u00e9 l&rsquo;occasion [&hellip;]","og_url":"https:\/\/cooperation.gouv.cd\/dev\/2024\/08\/21\/audience-avec-louganda\/","og_site_name":"Ministre D\u00e9l\u00e9gu\u00e9e En Charge de la Coop\u00e9ration Internationale Et Francophonie","article_publisher":"https:\/\/web.facebook.com\/profile.php?id=100064940047039","article_published_time":"2024-08-21T12:55:00+00:00","article_modified_time":"2025-08-07T14:12:16+00:00","og_image":[{"width":1600,"height":1066,"url":"https:\/\/cooperation.gouv.cd\/dev\/wp-content\/uploads\/2024\/10\/IMG-20240926-WA0043.jpg","type":"image\/jpeg"}],"author":"Elie Tshingombe","twitter_card":"summary_large_image","twitter_creator":"@BestineKazadi","twitter_site":"@BestineKazadi","twitter_misc":{"\u00c9crit par":"Elie Tshingombe","Dur\u00e9e de lecture estim\u00e9e":"3 minutes"},"schema":{"@context":"https:\/\/schema.org","@graph":[{"@type":"Article","@id":"https:\/\/cooperation.gouv.cd\/dev\/2024\/08\/21\/audience-avec-louganda\/#article","isPartOf":{"@id":"https:\/\/cooperation.gouv.cd\/dev\/2024\/08\/21\/audience-avec-louganda\/"},"author":{"name":"Elie Tshingombe","@id":"https:\/\/cooperation.gouv.cd\/dev\/#\/schema\/person\/2ae9d7c527bf6a3bd84c9908a528632c"},"headline":"Audience avec l&rsquo;Ouganda","datePublished":"2024-08-21T12:55:00+00:00","dateModified":"2025-08-07T14:12:16+00:00","mainEntityOfPage":{"@id":"https:\/\/cooperation.gouv.cd\/dev\/2024\/08\/21\/audience-avec-louganda\/"},"wordCount":266,"publisher":{"@id":"https:\/\/cooperation.gouv.cd\/dev\/#organization"},"image":{"@id":"https:\/\/cooperation.gouv.cd\/dev\/2024\/08\/21\/audience-avec-louganda\/#primaryimage"},"thumbnailUrl":"https:\/\/cooperation.gouv.cd\/dev\/wp-content\/uploads\/2024\/10\/IMG-20240926-WA0043.jpg","articleSection":["Actualit\u00e9s","Coop\u00e9ration avec le Ouganda"],"inLanguage":"fr-FR"},{"@type":"WebPage","@id":"https:\/\/cooperation.gouv.cd\/dev\/2024\/08\/21\/audience-avec-louganda\/","url":"https:\/\/cooperation.gouv.cd\/dev\/2024\/08\/21\/audience-avec-louganda\/","name":"Audience avec l'Ouganda - Ministre D\u00e9l\u00e9gu\u00e9e En Charge de la Coop\u00e9ration Internationale Et Francophonie","isPartOf":{"@id":"https:\/\/cooperation.gouv.cd\/dev\/#website"},"primaryImageOfPage":{"@id":"https:\/\/cooperation.gouv.cd\/dev\/2024\/08\/21\/audience-avec-louganda\/#primaryimage"},"image":{"@id":"https:\/\/cooperation.gouv.cd\/dev\/2024\/08\/21\/audience-avec-louganda\/#primaryimage"},"thumbnailUrl":"https:\/\/cooperation.gouv.cd\/dev\/wp-content\/uploads\/2024\/10\/IMG-20240926-WA0043.jpg","datePublished":"2024-08-21T12:55:00+00:00","dateModified":"2025-08-07T14:12:16+00:00","breadcrumb":{"@id":"https:\/\/cooperation.gouv.cd\/dev\/2024\/08\/21\/audience-avec-louganda\/#breadcrumb"},"inLanguage":"fr-FR","potentialAction":[{"@type":"ReadAction","target":["https:\/\/cooperation.gouv.cd\/dev\/2024\/08\/21\/audience-avec-louganda\/"]}]},{"@type":"ImageObject","inLanguage":"fr-FR","@id":"https:\/\/cooperation.gouv.cd\/dev\/2024\/08\/21\/audience-avec-louganda\/#primaryimage","url":"https:\/\/cooperation.gouv.cd\/dev\/wp-content\/uploads\/2024\/10\/IMG-20240926-WA0043.jpg","contentUrl":"https:\/\/cooperation.gouv.cd\/dev\/wp-content\/uploads\/2024\/10\/IMG-20240926-WA0043.jpg","width":1600,"height":1066},{"@type":"BreadcrumbList","@id":"https:\/\/cooperation.gouv.cd\/dev\/2024\/08\/21\/audience-avec-louganda\/#breadcrumb","itemListElement":[{"@type":"ListItem","position":1,"name":"Accueil","item":"https:\/\/cooperation.gouv.cd\/dev\/"},{"@type":"ListItem","position":2,"name":"Audience avec l&rsquo;Ouganda"}]},{"@type":"WebSite","@id":"https:\/\/cooperation.gouv.cd\/dev\/#website","url":"https:\/\/cooperation.gouv.cd\/dev\/","name":"Ministre D\u00e9l\u00e9gu\u00e9e En Charge de la Coop\u00e9ration Internationale Et Francophonie","description":"Portail officiel du Ministre d\u00e9l\u00e9gu\u00e9 en charge de la Coop\u00e9ration internationale et de la Francophonie.","publisher":{"@id":"https:\/\/cooperation.gouv.cd\/dev\/#organization"},"potentialAction":[{"@type":"SearchAction","target":{"@type":"EntryPoint","urlTemplate":"https:\/\/cooperation.gouv.cd\/dev\/?s={search_term_string}"},"query-input":{"@type":"PropertyValueSpecification","valueRequired":true,"valueName":"search_term_string"}}],"inLanguage":"fr-FR"},{"@type":"Organization","@id":"https:\/\/cooperation.gouv.cd\/dev\/#organization","name":"Bestine Kazadi","url":"https:\/\/cooperation.gouv.cd\/dev\/","logo":{"@type":"ImageObject","inLanguage":"fr-FR","@id":"https:\/\/cooperation.gouv.cd\/dev\/#\/schema\/logo\/image\/","url":"https:\/\/cooperation.gouv.cd\/dev\/wp-content\/uploads\/2024\/09\/cropped-logo-2.png","contentUrl":"https:\/\/cooperation.gouv.cd\/dev\/wp-content\/uploads\/2024\/09\/cropped-logo-2.png","width":2499,"height":1166,"caption":"Bestine Kazadi"},"image":{"@id":"https:\/\/cooperation.gouv.cd\/dev\/#\/schema\/logo\/image\/"},"sameAs":["https:\/\/web.facebook.com\/profile.php?id=100064940047039","https:\/\/x.com\/BestineKazadi","https:\/\/www.youtube.com\/@CoopInternEtFrancophonie","https:\/\/www.instagram.com\/bestine_kazadi\/","https:\/\/whatsapp.com\/channel\/0029Vax83N8AojYzbHOjzx05"]},{"@type":"Person","@id":"https:\/\/cooperation.gouv.cd\/dev\/#\/schema\/person\/2ae9d7c527bf6a3bd84c9908a528632c","name":"Elie Tshingombe","image":{"@type":"ImageObject","inLanguage":"fr-FR","@id":"https:\/\/cooperation.gouv.cd\/dev\/#\/schema\/person\/image\/","url":"https:\/\/secure.gravatar.com\/avatar\/6c0799964d475999ae9baf49f3b1d6e7579eff8673327022e40455e31215e0c8?s=96&d=mm&r=g","contentUrl":"https:\/\/secure.gravatar.com\/avatar\/6c0799964d475999ae9baf49f3b1d6e7579eff8673327022e40455e31215e0c8?s=96&d=mm&r=g","caption":"Elie Tshingombe"},"sameAs":["https:\/\/etasite-cd.web.app\/"],"url":"https:\/\/cooperation.gouv.cd\/dev\/author\/eleo7421\/"}]}},"jetpack_featured_media_url":"https:\/\/cooperation.gouv.cd\/dev\/wp-content\/uploads\/2024\/10\/IMG-20240926-WA0043.jpg","jetpack_sharing_enabled":true,"_links":{"self":[{"href":"https:\/\/cooperation.gouv.cd\/dev\/wp-json\/wp\/v2\/posts\/756","targetHints":{"allow":["GET"]}}],"collection":[{"href":"https:\/\/cooperation.gouv.cd\/dev\/wp-json\/wp\/v2\/posts"}],"about":[{"href":"https:\/\/cooperation.gouv.cd\/dev\/wp-json\/wp\/v2\/types\/post"}],"author":[{"embeddable":true,"href":"https:\/\/cooperation.gouv.cd\/dev\/wp-json\/wp\/v2\/users\/2"}],"replies":[{"embeddable":true,"href":"https:\/\/cooperation.gouv.cd\/dev\/wp-json\/wp\/v2\/comments?post=756"}],"version-history":[{"count":4,"href":"https:\/\/cooperation.gouv.cd\/dev\/wp-json\/wp\/v2\/posts\/756\/revisions"}],"predecessor-version":[{"id":3646,"href":"https:\/\/cooperation.gouv.cd\/dev\/wp-json\/wp\/v2\/posts\/756\/revisions\/3646"}],"wp:featuredmedia":[{"embeddable":true,"href":"https:\/\/cooperation.gouv.cd\/dev\/wp-json\/wp\/v2\/media\/757"}],"wp:attachment":[{"href":"https:\/\/cooperation.gouv.cd\/dev\/wp-json\/wp\/v2\/media?parent=756"}],"wp:term":[{"taxonomy":"category","embeddable":true,"href":"https:\/\/cooperation.gouv.cd\/dev\/wp-json\/wp\/v2\/categories?post=756"},{"taxonomy":"post_tag","embeddable":true,"href":"https:\/\/cooperation.gouv.cd\/dev\/wp-json\/wp\/v2\/tags?post=756"}],"curies":[{"name":"wp","href":"https:\/\/api.w.org\/{rel}","templated":true}]}}